{"id":30115,"date":"2022-06-06T16:24:30","date_gmt":"2022-06-06T20:24:30","guid":{"rendered":"https:\/\/newsinteractive.post-gazette.com\/photos\/?p=30115"},"modified":"2022-06-11T19:05:43","modified_gmt":"2022-06-11T23:05:43","slug":"week-in-photos-june-5-11-2022","status":"publish","type":"post","link":"https:\/\/newsinteractive.post-gazette.com\/photos\/2022\/06\/06\/week-in-photos-june-5-11-2022\/","title":{"rendered":"Week in Photos: June 5-11, 2022"},"content":{"rendered":"<p>The week in pictures in Pittsburgh and surrounding areas as seen through the eyes of our photojournalists. Check back regularly as we update from across our region throughout the week.<\/p>\n<figure id=\"attachment_30203\" aria-describedby=\"caption-attachment-30203\" style=\"width: 2364px\" class=\"wp-caption aligncenter\"><a href=\"https:\/\/i0.wp.com\/newsinteractive.post-gazette.com\/photos\/wp-content\/uploads\/sites\/5\/2022\/06\/20220611emChesneyFans03CROPPED.jpg?ssl=1\"><img loading=\"lazy\" decoding=\"async\" data-attachment-id=\"30203\" data-permalink=\"https:\/\/newsinteractive.post-gazette.com\/photos\/2022\/06\/06\/week-in-photos-june-5-11-2022\/kennychesneyfans\/\" data-orig-file=\"https:\/\/i0.wp.com\/newsinteractive.post-gazette.com\/photos\/wp-content\/uploads\/sites\/5\/2022\/06\/20220611emChesneyFans03CROPPED.jpg?fit=2364%2C1525&amp;ssl=1\" data-orig-size=\"2364,1525\" data-comments-opened=\"0\" data-image-meta=\"{&quot;aperture&quot;:&quot;4&quot;,&quot;credit&quot;:&quot;Emily Matthews\\\/Post-Gazette&quot;,&quot;camera&quot;:&quot;NIKON D5&quot;,&quot;caption&quot;:&quot;Richard Jacko, of Plum, sings along to \\u201cFlatliner\\u201d by Cole Swindell before the Kenny Chesney concert on Saturday, June 11, 2022, in Gold Lot One on the North Shore. (Emily Matthews\\\/Post-Gazette)&quot;,&quot;created_timestamp&quot;:&quot;1654959117&quot;,&quot;copyright&quot;:&quot;Pittsburgh Post-Gazette&quot;,&quot;focal_length&quot;:&quot;24&quot;,&quot;iso&quot;:&quot;160&quot;,&quot;shutter_speed&quot;:&quot;0.002&quot;,&quot;title&quot;:&quot;KennyChesneyFans&quot;,&quot;orientation&quot;:&quot;1&quot;}\" data-image-title=\"KennyChesneyFans\" data-image-description=\"\" data-image-caption=\"&lt;p&gt;Richard Jacko, of Plum, sings along to \u201cFlatliner\u201d by Cole Swindell before the Kenny Chesney concert on Saturday, June 11, 2022, in Gold Lot One on the North Shore. (Emily Matthews\/Post-Gazette)&lt;\/p&gt;\n\" data-medium-file=\"https:\/\/i0.wp.com\/newsinteractive.post-gazette.com\/photos\/wp-content\/uploads\/sites\/5\/2022\/06\/20220611emChesneyFans03CROPPED.jpg?fit=300%2C194&amp;ssl=1\" data-large-file=\"https:\/\/i0.wp.com\/newsinteractive.post-gazette.com\/photos\/wp-content\/uploads\/sites\/5\/2022\/06\/20220611emChesneyFans03CROPPED.jpg?fit=848%2C547&amp;ssl=1\" class=\"size-full wp-image-30203\" src=\"https:\/\/i0.wp.com\/newsinteractive.post-gazette.com\/photos\/wp-content\/uploads\/sites\/5\/2022\/06\/20220611emChesneyFans03CROPPED.jpg?resize=848%2C547&#038;ssl=1\" alt=\"\" width=\"848\" height=\"547\" srcset=\"https:\/\/i0.wp.com\/newsinteractive.post-gazette.com\/photos\/wp-content\/uploads\/sites\/5\/2022\/06\/20220611emChesneyFans03CROPPED.jpg?w=2364&amp;ssl=1 2364w, https:\/\/i0.wp.com\/newsinteractive.post-gazette.com\/photos\/wp-content\/uploads\/sites\/5\/2022\/06\/20220611emChesneyFans03CROPPED.jpg?resize=300%2C194&amp;ssl=1 300w, https:\/\/i0.wp.com\/newsinteractive.post-gazette.com\/photos\/wp-content\/uploads\/sites\/5\/2022\/06\/20220611emChesneyFans03CROPPED.jpg?resize=1024%2C661&amp;ssl=1 1024w, https:\/\/i0.wp.com\/newsinteractive.post-gazette.com\/photos\/wp-content\/uploads\/sites\/5\/2022\/06\/20220611emChesneyFans03CROPPED.jpg?resize=395%2C255&amp;ssl=1 395w, https:\/\/i0.wp.com\/newsinteractive.post-gazette.com\/photos\/wp-content\/uploads\/sites\/5\/2022\/06\/20220611emChesneyFans03CROPPED.jpg?resize=1536%2C991&amp;ssl=1 1536w, https:\/\/i0.wp.com\/newsinteractive.post-gazette.com\/photos\/wp-content\/uploads\/sites\/5\/2022\/06\/20220611emChesneyFans03CROPPED.jpg?resize=2048%2C1321&amp;ssl=1 2048w, https:\/\/i0.wp.com\/newsinteractive.post-gazette.com\/photos\/wp-content\/uploads\/sites\/5\/2022\/06\/20220611emChesneyFans03CROPPED.jpg?w=1696&amp;ssl=1 1696w\" sizes=\"(max-width: 848px) 100vw, 848px\" data-recalc-dims=\"1\" \/><\/a><figcaption id=\"caption-attachment-30203\" class=\"wp-caption-text\">Richard Jacko, of Plum, sings along to \u201cFlatliner\u201d by Cole Swindell before the Kenny Chesney concert on Saturday, June 11, 2022, in Gold Lot One on the North Shore. (Emily Matthews\/Post-Gazette)<\/figcaption><\/figure>\n<figure id=\"attachment_30211\" aria-describedby=\"caption-attachment-30211\" style=\"width: 2560px\" class=\"wp-caption aligncenter\"><a href=\"https:\/\/i0.wp.com\/newsinteractive.post-gazette.com\/photos\/wp-content\/uploads\/sites\/5\/2022\/06\/20220611emChesneyFans02-scaled.jpg?ssl=1\"><img loading=\"lazy\" decoding=\"async\" data-attachment-id=\"30211\" data-permalink=\"https:\/\/newsinteractive.post-gazette.com\/photos\/2022\/06\/06\/week-in-photos-june-5-11-2022\/kennychesneyfans-2\/\" data-orig-file=\"https:\/\/i0.wp.com\/newsinteractive.post-gazette.com\/photos\/wp-content\/uploads\/sites\/5\/2022\/06\/20220611emChesneyFans02-scaled.jpg?fit=2560%2C1529&amp;ssl=1\" data-orig-size=\"2560,1529\" data-comments-opened=\"0\" data-image-meta=\"{&quot;aperture&quot;:&quot;4&quot;,&quot;credit&quot;:&quot;(Emily Matthews\\\/Pittsburgh Post-Gazette via AP)&quot;,&quot;camera&quot;:&quot;NIKON D5&quot;,&quot;caption&quot;:&quot;Megan Young, left, and Olivia Zubik, both of Oakland, dance before the Kenny Chesney concert on Saturday, June 11, 2022, in Gold Lot Two on the North Shore. \\u00d2I\\u00d5m so happy Pittsburgh came out Kenny,\\u00d3 Young said. \\u00d2He\\u00d5s the second best Kenny in Pittsburgh, next to Kenny Pickett. (Emily Matthews\\\/Pittsburgh Post-Gazette via AP)&quot;,&quot;created_timestamp&quot;:&quot;1654972961&quot;,&quot;copyright&quot;:&quot;Pittsburgh Post-Gazette&quot;,&quot;focal_length&quot;:&quot;24&quot;,&quot;iso&quot;:&quot;100&quot;,&quot;shutter_speed&quot;:&quot;0.0015625&quot;,&quot;title&quot;:&quot;KennyChesneyFans&quot;,&quot;orientation&quot;:&quot;0&quot;}\" data-image-title=\"KennyChesneyFans\" data-image-description=\"\" data-image-caption=\"&lt;p&gt;Megan Young, left, and Olivia Zubik, both of Oakland, dance before the Kenny Chesney concert on Saturday, June 11, 2022, in Gold Lot Two on the North Shore. \u00d2I\u00d5m so happy Pittsburgh came out Kenny,\u00d3 Young said. \u00d2He\u00d5s the second best Kenny in Pittsburgh, next to Kenny Pickett. (Emily Matthews\/Pittsburgh Post-Gazette via AP)&lt;\/p&gt;\n\" data-medium-file=\"https:\/\/i0.wp.com\/newsinteractive.post-gazette.com\/photos\/wp-content\/uploads\/sites\/5\/2022\/06\/20220611emChesneyFans02-scaled.jpg?fit=300%2C179&amp;ssl=1\" data-large-file=\"https:\/\/i0.wp.com\/newsinteractive.post-gazette.com\/photos\/wp-content\/uploads\/sites\/5\/2022\/06\/20220611emChesneyFans02-scaled.jpg?fit=848%2C507&amp;ssl=1\" class=\"size-full wp-image-30211\" src=\"https:\/\/i0.wp.com\/newsinteractive.post-gazette.com\/photos\/wp-content\/uploads\/sites\/5\/2022\/06\/20220611emChesneyFans02-scaled.jpg?resize=848%2C506&#038;ssl=1\" alt=\"\" width=\"848\" height=\"506\" srcset=\"https:\/\/i0.wp.com\/newsinteractive.post-gazette.com\/photos\/wp-content\/uploads\/sites\/5\/2022\/06\/20220611emChesneyFans02-scaled.jpg?w=2560&amp;ssl=1 2560w, https:\/\/i0.wp.com\/newsinteractive.post-gazette.com\/photos\/wp-content\/uploads\/sites\/5\/2022\/06\/20220611emChesneyFans02-scaled.jpg?resize=300%2C179&amp;ssl=1 300w, https:\/\/i0.wp.com\/newsinteractive.post-gazette.com\/photos\/wp-content\/uploads\/sites\/5\/2022\/06\/20220611emChesneyFans02-scaled.jpg?resize=1024%2C612&amp;ssl=1 1024w, https:\/\/i0.wp.com\/newsinteractive.post-gazette.com\/photos\/wp-content\/uploads\/sites\/5\/2022\/06\/20220611emChesneyFans02-scaled.jpg?resize=427%2C255&amp;ssl=1 427w, https:\/\/i0.wp.com\/newsinteractive.post-gazette.com\/photos\/wp-content\/uploads\/sites\/5\/2022\/06\/20220611emChesneyFans02-scaled.jpg?resize=1536%2C917&amp;ssl=1 1536w, https:\/\/i0.wp.com\/newsinteractive.post-gazette.com\/photos\/wp-content\/uploads\/sites\/5\/2022\/06\/20220611emChesneyFans02-scaled.jpg?resize=2048%2C1223&amp;ssl=1 2048w, https:\/\/i0.wp.com\/newsinteractive.post-gazette.com\/photos\/wp-content\/uploads\/sites\/5\/2022\/06\/20220611emChesneyFans02-scaled.jpg?w=1696&amp;ssl=1 1696w\" sizes=\"(max-width: 848px) 100vw, 848px\" data-recalc-dims=\"1\" \/><\/a><figcaption id=\"caption-attachment-30211\" class=\"wp-caption-text\">Megan Young left, and Olivia Zubik, both of Oakland, dance before the Kenny Chesney concert on Saturday, June 11, 2022, in Gold Lot Two on the North Shore. &#8220;I&#8217;m so happy Pittsburgh came out Kenny,&#8221; said Young. &#8220;He&#8217;s the second-best Kenny in Pittsburgh, next to Kenny Pickett.&#8221; (Emily Matthews\/Post-Gazette)<\/figcaption><\/figure>\n<figure id=\"attachment_30210\" aria-describedby=\"caption-attachment-30210\" style=\"width: 2560px\" class=\"wp-caption aligncenter\"><a href=\"https:\/\/i0.wp.com\/newsinteractive.post-gazette.com\/photos\/wp-content\/uploads\/sites\/5\/2022\/06\/20220611VAAIRSHOW05-scaled.jpg?ssl=1\"><img loading=\"lazy\" decoding=\"async\" data-attachment-id=\"30210\" data-permalink=\"https:\/\/newsinteractive.post-gazette.com\/photos\/2022\/06\/06\/week-in-photos-june-5-11-2022\/air-show-2\/\" data-orig-file=\"https:\/\/i0.wp.com\/newsinteractive.post-gazette.com\/photos\/wp-content\/uploads\/sites\/5\/2022\/06\/20220611VAAIRSHOW05-scaled.jpg?fit=2560%2C1704&amp;ssl=1\" data-orig-size=\"2560,1704\" data-comments-opened=\"0\" data-image-meta=\"{&quot;aperture&quot;:&quot;6.3&quot;,&quot;credit&quot;:&quot;Vanessa Abbitt\\\/Post-Gazette&quot;,&quot;camera&quot;:&quot;NIKON D3S&quot;,&quot;caption&quot;:&quot;Sandy Wolfe, 62, from Munhall, Pa, holds her father&#039;s flag after a flag flying ceremony at the Shop N&#039; Save Airshow on Saturday, June 11, 2022. Her father was a marine who passed in January of 1985; his and the flags of other veterans were flown in a ceremonial flight. (Vanessa Abbitt\\\/Post-Gazette)&quot;,&quot;created_timestamp&quot;:&quot;1654956189&quot;,&quot;copyright&quot;:&quot;&quot;,&quot;focal_length&quot;:&quot;27&quot;,&quot;iso&quot;:&quot;500&quot;,&quot;shutter_speed&quot;:&quot;0.000625&quot;,&quot;title&quot;:&quot;AIR SHOW&quot;,&quot;orientation&quot;:&quot;1&quot;}\" data-image-title=\"AIR SHOW\" data-image-description=\"\" data-image-caption=\"&lt;p&gt;Sandy Wolfe, 62, from Munhall, Pa, holds her father&#8217;s flag after a flag flying ceremony at the Shop N&#8217; Save Airshow on Saturday, June 11, 2022. Her father was a marine who passed in January of 1985; his and the flags of other veterans were flown in a ceremonial flight. (Vanessa Abbitt\/Post-Gazette)&lt;\/p&gt;\n\" data-medium-file=\"https:\/\/i0.wp.com\/newsinteractive.post-gazette.com\/photos\/wp-content\/uploads\/sites\/5\/2022\/06\/20220611VAAIRSHOW05-scaled.jpg?fit=300%2C200&amp;ssl=1\" data-large-file=\"https:\/\/i0.wp.com\/newsinteractive.post-gazette.com\/photos\/wp-content\/uploads\/sites\/5\/2022\/06\/20220611VAAIRSHOW05-scaled.jpg?fit=848%2C564&amp;ssl=1\" class=\"size-full wp-image-30210\" src=\"https:\/\/i0.wp.com\/newsinteractive.post-gazette.com\/photos\/wp-content\/uploads\/sites\/5\/2022\/06\/20220611VAAIRSHOW05-scaled.jpg?resize=848%2C564&#038;ssl=1\" alt=\"\" width=\"848\" height=\"564\" srcset=\"https:\/\/i0.wp.com\/newsinteractive.post-gazette.com\/photos\/wp-content\/uploads\/sites\/5\/2022\/06\/20220611VAAIRSHOW05-scaled.jpg?w=2560&amp;ssl=1 2560w, https:\/\/i0.wp.com\/newsinteractive.post-gazette.com\/photos\/wp-content\/uploads\/sites\/5\/2022\/06\/20220611VAAIRSHOW05-scaled.jpg?resize=300%2C200&amp;ssl=1 300w, https:\/\/i0.wp.com\/newsinteractive.post-gazette.com\/photos\/wp-content\/uploads\/sites\/5\/2022\/06\/20220611VAAIRSHOW05-scaled.jpg?resize=1024%2C681&amp;ssl=1 1024w, https:\/\/i0.wp.com\/newsinteractive.post-gazette.com\/photos\/wp-content\/uploads\/sites\/5\/2022\/06\/20220611VAAIRSHOW05-scaled.jpg?resize=383%2C255&amp;ssl=1 383w, https:\/\/i0.wp.com\/newsinteractive.post-gazette.com\/photos\/wp-content\/uploads\/sites\/5\/2022\/06\/20220611VAAIRSHOW05-scaled.jpg?resize=1536%2C1022&amp;ssl=1 1536w, https:\/\/i0.wp.com\/newsinteractive.post-gazette.com\/photos\/wp-content\/uploads\/sites\/5\/2022\/06\/20220611VAAIRSHOW05-scaled.jpg?resize=2048%2C1363&amp;ssl=1 2048w, https:\/\/i0.wp.com\/newsinteractive.post-gazette.com\/photos\/wp-content\/uploads\/sites\/5\/2022\/06\/20220611VAAIRSHOW05-scaled.jpg?w=1696&amp;ssl=1 1696w\" sizes=\"(max-width: 848px) 100vw, 848px\" data-recalc-dims=\"1\" \/><\/a><figcaption id=\"caption-attachment-30210\" class=\"wp-caption-text\">Sandy Wolfe, 62, from Munhall, Pa, holds her father&#8217;s flag after a flag flying ceremony at the Shop N&#8217; Save Airshow on Saturday, June 11, 2022. Her father was a marine who passed in January of 1985; his and the flags of other veterans were flown in a ceremonial flight. (Vanessa Abbitt\/Post-Gazette)<\/figcaption><\/figure>\n<figure id=\"attachment_30208\" aria-describedby=\"caption-attachment-30208\" style=\"width: 2560px\" class=\"wp-caption aligncenter\"><a href=\"https:\/\/i0.wp.com\/newsinteractive.post-gazette.com\/photos\/wp-content\/uploads\/sites\/5\/2022\/06\/20220611VAAIRSHOW13-scaled.jpg?ssl=1\"><img loading=\"lazy\" decoding=\"async\" data-attachment-id=\"30208\" data-permalink=\"https:\/\/newsinteractive.post-gazette.com\/photos\/2022\/06\/06\/week-in-photos-june-5-11-2022\/air-show\/\" data-orig-file=\"https:\/\/i0.wp.com\/newsinteractive.post-gazette.com\/photos\/wp-content\/uploads\/sites\/5\/2022\/06\/20220611VAAIRSHOW13-scaled.jpg?fit=2560%2C1704&amp;ssl=1\" data-orig-size=\"2560,1704\" data-comments-opened=\"0\" data-image-meta=\"{&quot;aperture&quot;:&quot;6.3&quot;,&quot;credit&quot;:&quot;Vanessa Abbitt\\\/Post-Gazette&quot;,&quot;camera&quot;:&quot;NIKON D3S&quot;,&quot;caption&quot;:&quot;The Shop N&#039; Save Airshow on Saturday, June 11, 2022, drew a crowd of hundreds of people in Latrobe, Pa. Planes from World War II and other jets were on display and took flight. (Vanessa Abbitt\\\/Post-Gazette)&quot;,&quot;created_timestamp&quot;:&quot;1654952431&quot;,&quot;copyright&quot;:&quot;&quot;,&quot;focal_length&quot;:&quot;80&quot;,&quot;iso&quot;:&quot;500&quot;,&quot;shutter_speed&quot;:&quot;0.0002&quot;,&quot;title&quot;:&quot;AIR SHOW&quot;,&quot;orientation&quot;:&quot;1&quot;}\" data-image-title=\"AIR SHOW\" data-image-description=\"\" data-image-caption=\"&lt;p&gt;The Shop N&#8217; Save Airshow on Saturday, June 11, 2022, drew a crowd of hundreds of people in Latrobe, Pa. Planes from World War II and other jets were on display and took flight. (Vanessa Abbitt\/Post-Gazette)&lt;\/p&gt;\n\" data-medium-file=\"https:\/\/i0.wp.com\/newsinteractive.post-gazette.com\/photos\/wp-content\/uploads\/sites\/5\/2022\/06\/20220611VAAIRSHOW13-scaled.jpg?fit=300%2C200&amp;ssl=1\" data-large-file=\"https:\/\/i0.wp.com\/newsinteractive.post-gazette.com\/photos\/wp-content\/uploads\/sites\/5\/2022\/06\/20220611VAAIRSHOW13-scaled.jpg?fit=848%2C564&amp;ssl=1\" class=\"size-full wp-image-30208\" src=\"https:\/\/i0.wp.com\/newsinteractive.post-gazette.com\/photos\/wp-content\/uploads\/sites\/5\/2022\/06\/20220611VAAIRSHOW13-scaled.jpg?resize=848%2C564&#038;ssl=1\" alt=\"\" width=\"848\" height=\"564\" srcset=\"https:\/\/i0.wp.com\/newsinteractive.post-gazette.com\/photos\/wp-content\/uploads\/sites\/5\/2022\/06\/20220611VAAIRSHOW13-scaled.jpg?w=2560&amp;ssl=1 2560w, https:\/\/i0.wp.com\/newsinteractive.post-gazette.com\/photos\/wp-content\/uploads\/sites\/5\/2022\/06\/20220611VAAIRSHOW13-scaled.jpg?resize=300%2C200&amp;ssl=1 300w, https:\/\/i0.wp.com\/newsinteractive.post-gazette.com\/photos\/wp-content\/uploads\/sites\/5\/2022\/06\/20220611VAAIRSHOW13-scaled.jpg?resize=1024%2C681&amp;ssl=1 1024w, https:\/\/i0.wp.com\/newsinteractive.post-gazette.com\/photos\/wp-content\/uploads\/sites\/5\/2022\/06\/20220611VAAIRSHOW13-scaled.jpg?resize=383%2C255&amp;ssl=1 383w, https:\/\/i0.wp.com\/newsinteractive.post-gazette.com\/photos\/wp-content\/uploads\/sites\/5\/2022\/06\/20220611VAAIRSHOW13-scaled.jpg?resize=1536%2C1022&amp;ssl=1 1536w, https:\/\/i0.wp.com\/newsinteractive.post-gazette.com\/photos\/wp-content\/uploads\/sites\/5\/2022\/06\/20220611VAAIRSHOW13-scaled.jpg?resize=2048%2C1363&amp;ssl=1 2048w, https:\/\/i0.wp.com\/newsinteractive.post-gazette.com\/photos\/wp-content\/uploads\/sites\/5\/2022\/06\/20220611VAAIRSHOW13-scaled.jpg?w=1696&amp;ssl=1 1696w\" sizes=\"(max-width: 848px) 100vw, 848px\" data-recalc-dims=\"1\" \/><\/a><figcaption id=\"caption-attachment-30208\" class=\"wp-caption-text\">The Shop N&#8217; Save Airshow on Saturday, June 11, 2022, drew a crowd of hundreds of people in Latrobe, Pa. Planes from World War II and other jets were on display and took flight. (Vanessa Abbitt\/Post-Gazette)<\/figcaption><\/figure>\n<p>&nbsp;<\/p>\n<figure id=\"attachment_30206\" aria-describedby=\"caption-attachment-30206\" style=\"width: 2560px\" class=\"wp-caption aligncenter\"><a href=\"https:\/\/i0.wp.com\/newsinteractive.post-gazette.com\/photos\/wp-content\/uploads\/sites\/5\/2022\/06\/20220611AC-Cartoon-Event02-scaled.jpg?ssl=1\"><img loading=\"lazy\" decoding=\"async\" data-attachment-id=\"30206\" data-permalink=\"https:\/\/newsinteractive.post-gazette.com\/photos\/2022\/06\/06\/week-in-photos-june-5-11-2022\/20220611ac-cartoon-event02\/\" data-orig-file=\"https:\/\/i0.wp.com\/newsinteractive.post-gazette.com\/photos\/wp-content\/uploads\/sites\/5\/2022\/06\/20220611AC-Cartoon-Event02-scaled.jpg?fit=2560%2C2060&amp;ssl=1\" data-orig-size=\"2560,2060\" data-comments-opened=\"0\" data-image-meta=\"{&quot;aperture&quot;:&quot;5.6&quot;,&quot;credit&quot;:&quot;Alicia Chiang\\\/Pittsburgh Post-Gazette&quot;,&quot;camera&quot;:&quot;NIKON D4S&quot;,&quot;caption&quot;:&quot;Renowned Cartoonist Joe Wos, 51, of Oakmont, sketched a penguin at Recycle Park, North Braddock, Pittsburgh, on Saturday, Jun11, 2022. The Braddock Carnegie Library Association and North Braddock Borough invited Cartoonist Joe Wos to \\&quot;come back home\\&quot; to Braddock and do the \\&quot;Once Upon A Toon\\&quot; community event, featuring live cartoon illustration and storytelling. (Alicia Chiang\\\/Post-Gazette)&quot;,&quot;created_timestamp&quot;:&quot;1654963713&quot;,&quot;copyright&quot;:&quot;Pittsburgh Post-Gazette&quot;,&quot;focal_length&quot;:&quot;145&quot;,&quot;iso&quot;:&quot;320&quot;,&quot;shutter_speed&quot;:&quot;0.000625&quot;,&quot;title&quot;:&quot;&quot;,&quot;orientation&quot;:&quot;1&quot;}\" data-image-title=\"20220611AC Cartoon Event02\" data-image-description=\"\" data-image-caption=\"&lt;p&gt;Renowned Cartoonist Joe Wos, 51, of Oakmont, sketched a penguin at Recycle Park, North Braddock, Pittsburgh, on Saturday, Jun11, 2022. The Braddock Carnegie Library Association and North Braddock Borough invited Cartoonist Joe Wos to &#8220;come back home&#8221; to Braddock and do the &#8220;Once Upon A Toon&#8221; community event, featuring live cartoon illustration and storytelling. (Alicia Chiang\/Post-Gazette)&lt;\/p&gt;\n\" data-medium-file=\"https:\/\/i0.wp.com\/newsinteractive.post-gazette.com\/photos\/wp-content\/uploads\/sites\/5\/2022\/06\/20220611AC-Cartoon-Event02-scaled.jpg?fit=300%2C241&amp;ssl=1\" data-large-file=\"https:\/\/i0.wp.com\/newsinteractive.post-gazette.com\/photos\/wp-content\/uploads\/sites\/5\/2022\/06\/20220611AC-Cartoon-Event02-scaled.jpg?fit=848%2C682&amp;ssl=1\" class=\"size-full wp-image-30206\" src=\"https:\/\/i0.wp.com\/newsinteractive.post-gazette.com\/photos\/wp-content\/uploads\/sites\/5\/2022\/06\/20220611AC-Cartoon-Event02-scaled.jpg?resize=848%2C682&#038;ssl=1\" alt=\"\" width=\"848\" height=\"682\" srcset=\"https:\/\/i0.wp.com\/newsinteractive.post-gazette.com\/photos\/wp-content\/uploads\/sites\/5\/2022\/06\/20220611AC-Cartoon-Event02-scaled.jpg?w=2560&amp;ssl=1 2560w, https:\/\/i0.wp.com\/newsinteractive.post-gazette.com\/photos\/wp-content\/uploads\/sites\/5\/2022\/06\/20220611AC-Cartoon-Event02-scaled.jpg?resize=300%2C241&amp;ssl=1 300w, https:\/\/i0.wp.com\/newsinteractive.post-gazette.com\/photos\/wp-content\/uploads\/sites\/5\/2022\/06\/20220611AC-Cartoon-Event02-scaled.jpg?resize=1024%2C824&amp;ssl=1 1024w, https:\/\/i0.wp.com\/newsinteractive.post-gazette.com\/photos\/wp-content\/uploads\/sites\/5\/2022\/06\/20220611AC-Cartoon-Event02-scaled.jpg?resize=317%2C255&amp;ssl=1 317w, https:\/\/i0.wp.com\/newsinteractive.post-gazette.com\/photos\/wp-content\/uploads\/sites\/5\/2022\/06\/20220611AC-Cartoon-Event02-scaled.jpg?resize=1536%2C1236&amp;ssl=1 1536w, https:\/\/i0.wp.com\/newsinteractive.post-gazette.com\/photos\/wp-content\/uploads\/sites\/5\/2022\/06\/20220611AC-Cartoon-Event02-scaled.jpg?resize=2048%2C1648&amp;ssl=1 2048w, https:\/\/i0.wp.com\/newsinteractive.post-gazette.com\/photos\/wp-content\/uploads\/sites\/5\/2022\/06\/20220611AC-Cartoon-Event02-scaled.jpg?w=1696&amp;ssl=1 1696w\" sizes=\"(max-width: 848px) 100vw, 848px\" data-recalc-dims=\"1\" \/><\/a><figcaption id=\"caption-attachment-30206\" class=\"wp-caption-text\">Renowned Cartoonist Joe Wos, 51, of Oakmont, sketched a penguin at Recycle Park, North Braddock, Pittsburgh, on Saturday, Jun11, 2022. The Braddock Carnegie Library Association and North Braddock Borough invited Cartoonist Joe Wos to &#8220;come back home&#8221; to Braddock and do the &#8220;Once Upon A Toon&#8221; community event, featuring live cartoon illustration and storytelling. (Alicia Chiang\/Post-Gazette)<\/figcaption><\/figure>\n<figure id=\"attachment_30201\" aria-describedby=\"caption-attachment-30201\" style=\"width: 2560px\" class=\"wp-caption aligncenter\"><a href=\"https:\/\/i0.wp.com\/newsinteractive.post-gazette.com\/photos\/wp-content\/uploads\/sites\/5\/2022\/06\/20220611mgMarchForOurLivesLOC6-scaled.jpg?ssl=1\"><img loading=\"lazy\" decoding=\"async\" data-attachment-id=\"30201\" data-permalink=\"https:\/\/newsinteractive.post-gazette.com\/photos\/2022\/06\/06\/week-in-photos-june-5-11-2022\/march-for-our-lives\/\" data-orig-file=\"https:\/\/i0.wp.com\/newsinteractive.post-gazette.com\/photos\/wp-content\/uploads\/sites\/5\/2022\/06\/20220611mgMarchForOurLivesLOC6-scaled.jpg?fit=2560%2C1705&amp;ssl=1\" data-orig-size=\"2560,1705\" data-comments-opened=\"0\" data-image-meta=\"{&quot;aperture&quot;:&quot;2.8&quot;,&quot;credit&quot;:&quot;(Maya Giron\\\/Post-Gazette)&quot;,&quot;camera&quot;:&quot;NIKON D850&quot;,&quot;caption&quot;:&quot;John Sarney, of Pittsburgh, holds up a sign following the March For Our Lives rally against gun violence on Saturday, June 11, 2022, at Flagstaff Hill in Schenley Park. The rally is a response to a rise in gun violence not only locally but at a national level. Speakers ranged from educators, parents, veterans, to victims of gun violence themselves.&quot;,&quot;created_timestamp&quot;:&quot;1654968606&quot;,&quot;copyright&quot;:&quot;Maya Giron&quot;,&quot;focal_length&quot;:&quot;70&quot;,&quot;iso&quot;:&quot;200&quot;,&quot;shutter_speed&quot;:&quot;0.0008&quot;,&quot;title&quot;:&quot;March For Our Lives&quot;,&quot;orientation&quot;:&quot;1&quot;}\" data-image-title=\"March For Our Lives\" data-image-description=\"\" data-image-caption=\"&lt;p&gt;John Sarney, of Pittsburgh, holds up a sign following the March For Our Lives rally against gun violence on Saturday, June 11, 2022, at Flagstaff Hill in Schenley Park. The rally is a response to a rise in gun violence not only locally but at a national level. Speakers ranged from educators, parents, veterans, to victims of gun violence themselves.&lt;\/p&gt;\n\" data-medium-file=\"https:\/\/i0.wp.com\/newsinteractive.post-gazette.com\/photos\/wp-content\/uploads\/sites\/5\/2022\/06\/20220611mgMarchForOurLivesLOC6-scaled.jpg?fit=300%2C200&amp;ssl=1\" data-large-file=\"https:\/\/i0.wp.com\/newsinteractive.post-gazette.com\/photos\/wp-content\/uploads\/sites\/5\/2022\/06\/20220611mgMarchForOurLivesLOC6-scaled.jpg?fit=848%2C565&amp;ssl=1\" class=\"size-full wp-image-30201\" src=\"https:\/\/i0.wp.com\/newsinteractive.post-gazette.com\/photos\/wp-content\/uploads\/sites\/5\/2022\/06\/20220611mgMarchForOurLivesLOC6-scaled.jpg?resize=848%2C565&#038;ssl=1\" alt=\"\" width=\"848\" height=\"565\" srcset=\"https:\/\/i0.wp.com\/newsinteractive.post-gazette.com\/photos\/wp-content\/uploads\/sites\/5\/2022\/06\/20220611mgMarchForOurLivesLOC6-scaled.jpg?w=2560&amp;ssl=1 2560w, https:\/\/i0.wp.com\/newsinteractive.post-gazette.com\/photos\/wp-content\/uploads\/sites\/5\/2022\/06\/20220611mgMarchForOurLivesLOC6-scaled.jpg?resize=300%2C200&amp;ssl=1 300w, https:\/\/i0.wp.com\/newsinteractive.post-gazette.com\/photos\/wp-content\/uploads\/sites\/5\/2022\/06\/20220611mgMarchForOurLivesLOC6-scaled.jpg?resize=1024%2C682&amp;ssl=1 1024w, https:\/\/i0.wp.com\/newsinteractive.post-gazette.com\/photos\/wp-content\/uploads\/sites\/5\/2022\/06\/20220611mgMarchForOurLivesLOC6-scaled.jpg?resize=383%2C255&amp;ssl=1 383w, https:\/\/i0.wp.com\/newsinteractive.post-gazette.com\/photos\/wp-content\/uploads\/sites\/5\/2022\/06\/20220611mgMarchForOurLivesLOC6-scaled.jpg?resize=1536%2C1023&amp;ssl=1 1536w, https:\/\/i0.wp.com\/newsinteractive.post-gazette.com\/photos\/wp-content\/uploads\/sites\/5\/2022\/06\/20220611mgMarchForOurLivesLOC6-scaled.jpg?resize=2048%2C1364&amp;ssl=1 2048w, https:\/\/i0.wp.com\/newsinteractive.post-gazette.com\/photos\/wp-content\/uploads\/sites\/5\/2022\/06\/20220611mgMarchForOurLivesLOC6-scaled.jpg?w=1696&amp;ssl=1 1696w\" sizes=\"(max-width: 848px) 100vw, 848px\" data-recalc-dims=\"1\" \/><\/a><figcaption id=\"caption-attachment-30201\" class=\"wp-caption-text\">John Sarney, of Pittsburgh, holds up a sign following the March For Our Lives rally against gun violence on Saturday, June 11, 2022, at Flagstaff Hill in Schenley Park. The rally is a response to a rise in gun violence not only locally but at a national level. Speakers ranged from educators, parents, and veterans, to victims of gun violence themselves. (Maya Giron\/Post-Gazette)<\/figcaption><\/figure>\n<figure id=\"attachment_30200\" aria-describedby=\"caption-attachment-30200\" style=\"width: 2560px\" class=\"wp-caption aligncenter\"><a href=\"https:\/\/i0.wp.com\/newsinteractive.post-gazette.com\/photos\/wp-content\/uploads\/sites\/5\/2022\/06\/20220611mgManUpLOC2-scaled.jpg?ssl=1\"><img loading=\"lazy\" decoding=\"async\" data-attachment-id=\"30200\" data-permalink=\"https:\/\/newsinteractive.post-gazette.com\/photos\/2022\/06\/06\/week-in-photos-june-5-11-2022\/manup-event\/\" data-orig-file=\"https:\/\/i0.wp.com\/newsinteractive.post-gazette.com\/photos\/wp-content\/uploads\/sites\/5\/2022\/06\/20220611mgManUpLOC2-scaled.jpg?fit=2560%2C1707&amp;ssl=1\" data-orig-size=\"2560,1707\" data-comments-opened=\"0\" data-image-meta=\"{&quot;aperture&quot;:&quot;2.8&quot;,&quot;credit&quot;:&quot;(Maya Giron\\\/Post-Gazette)&quot;,&quot;camera&quot;:&quot;NIKON D850&quot;,&quot;caption&quot;:&quot;Tayvon Anderson, 14, right, and his friend Emilio Lenardo, 13, play football during their lunch break at the \\u201cManUp\\u201d annual conference for men on Saturday, June 11, 2022, at Victory Family Church in Cranberry Township. The boys came with their church, Allison Park Church on the Northside, and hope to become \\u201cCloser to God and learn more of what we need to do to get to heaven.\\u201d (Maya Giron\\\/Post-Gazette)&quot;,&quot;created_timestamp&quot;:&quot;1654960139&quot;,&quot;copyright&quot;:&quot;Maya Giron&quot;,&quot;focal_length&quot;:&quot;70&quot;,&quot;iso&quot;:&quot;160&quot;,&quot;shutter_speed&quot;:&quot;0.0008&quot;,&quot;title&quot;:&quot;Manup event&quot;,&quot;orientation&quot;:&quot;1&quot;}\" data-image-title=\"Manup event\" data-image-description=\"\" data-image-caption=\"&lt;p&gt;Tayvon Anderson, 14, right, and his friend Emilio Lenardo, 13, play football during their lunch break at the \u201cManUp\u201d annual conference for men on Saturday, June 11, 2022, at Victory Family Church in Cranberry Township. The boys came with their church, Allison Park Church on the Northside, and hope to become \u201cCloser to God and learn more of what we need to do to get to heaven.\u201d (Maya Giron\/Post-Gazette)&lt;\/p&gt;\n\" data-medium-file=\"https:\/\/i0.wp.com\/newsinteractive.post-gazette.com\/photos\/wp-content\/uploads\/sites\/5\/2022\/06\/20220611mgManUpLOC2-scaled.jpg?fit=300%2C200&amp;ssl=1\" data-large-file=\"https:\/\/i0.wp.com\/newsinteractive.post-gazette.com\/photos\/wp-content\/uploads\/sites\/5\/2022\/06\/20220611mgManUpLOC2-scaled.jpg?fit=848%2C566&amp;ssl=1\" class=\"size-full wp-image-30200\" src=\"https:\/\/i0.wp.com\/newsinteractive.post-gazette.com\/photos\/wp-content\/uploads\/sites\/5\/2022\/06\/20220611mgManUpLOC2-scaled.jpg?resize=848%2C565&#038;ssl=1\" alt=\"\" width=\"848\" height=\"565\" srcset=\"https:\/\/i0.wp.com\/newsinteractive.post-gazette.com\/photos\/wp-content\/uploads\/sites\/5\/2022\/06\/20220611mgManUpLOC2-scaled.jpg?w=2560&amp;ssl=1 2560w, https:\/\/i0.wp.com\/newsinteractive.post-gazette.com\/photos\/wp-content\/uploads\/sites\/5\/2022\/06\/20220611mgManUpLOC2-scaled.jpg?resize=300%2C200&amp;ssl=1 300w, https:\/\/i0.wp.com\/newsinteractive.post-gazette.com\/photos\/wp-content\/uploads\/sites\/5\/2022\/06\/20220611mgManUpLOC2-scaled.jpg?resize=1024%2C683&amp;ssl=1 1024w, https:\/\/i0.wp.com\/newsinteractive.post-gazette.com\/photos\/wp-content\/uploads\/sites\/5\/2022\/06\/20220611mgManUpLOC2-scaled.jpg?resize=382%2C255&amp;ssl=1 382w, https:\/\/i0.wp.com\/newsinteractive.post-gazette.com\/photos\/wp-content\/uploads\/sites\/5\/2022\/06\/20220611mgManUpLOC2-scaled.jpg?resize=1536%2C1024&amp;ssl=1 1536w, https:\/\/i0.wp.com\/newsinteractive.post-gazette.com\/photos\/wp-content\/uploads\/sites\/5\/2022\/06\/20220611mgManUpLOC2-scaled.jpg?resize=2048%2C1366&amp;ssl=1 2048w, https:\/\/i0.wp.com\/newsinteractive.post-gazette.com\/photos\/wp-content\/uploads\/sites\/5\/2022\/06\/20220611mgManUpLOC2-scaled.jpg?w=1696&amp;ssl=1 1696w\" sizes=\"(max-width: 848px) 100vw, 848px\" data-recalc-dims=\"1\" \/><\/a><figcaption id=\"caption-attachment-30200\" class=\"wp-caption-text\">Tayvon Anderson, 14, right, and his friend Emilio Lenardo, 13, play football during their lunch break at the \u201cManUp\u201d annual conference for men on Saturday, June 11, 2022, at Victory Family Church in Cranberry Township. The boys came with their church, Allison Park Church on the Northside, and hope to become \u201cCloser to God and learn more of what we need to do to get to heaven.\u201d (Maya Giron\/Post-Gazette)<\/figcaption><\/figure>\n<figure id=\"attachment_30194\" aria-describedby=\"caption-attachment-30194\" style=\"width: 2560px\" class=\"wp-caption aligncenter\"><img loading=\"lazy\" decoding=\"async\" data-attachment-id=\"30194\" data-permalink=\"https:\/\/newsinteractive.post-gazette.com\/photos\/2022\/06\/06\/week-in-photos-june-5-11-2022\/20220609mfsteelerssports04\/\" data-orig-file=\"https:\/\/i0.wp.com\/newsinteractive.post-gazette.com\/photos\/wp-content\/uploads\/sites\/5\/2022\/06\/20220609mfsteelerssports04-scaled.jpg?fit=2560%2C1568&amp;ssl=1\" data-orig-size=\"2560,1568\" data-comments-opened=\"0\" data-image-meta=\"{&quot;aperture&quot;:&quot;5.6&quot;,&quot;credit&quot;:&quot;Matt Freed\\\/Post-Gazette&quot;,&quot;camera&quot;:&quot;ILCE-9M2&quot;,&quot;caption&quot;:&quot;Steelers linebacker Alex Highsmith warms up during minicamp, Thursday, June 9, 2022, at UPMC Rooney Sports Complex. (Matt Freed\\\/Post-Gazette)&quot;,&quot;created_timestamp&quot;:&quot;1654790930&quot;,&quot;copyright&quot;:&quot;&quot;,&quot;focal_length&quot;:&quot;560&quot;,&quot;iso&quot;:&quot;1600&quot;,&quot;shutter_speed&quot;:&quot;0.0008&quot;,&quot;title&quot;:&quot;&quot;,&quot;orientation&quot;:&quot;1&quot;}\" data-image-title=\"20220609mfsteelerssports04\" data-image-description=\"\" data-image-caption=\"&lt;p&gt;Steelers linebacker Alex Highsmith warms up during minicamp, Thursday, June 9, 2022, at UPMC Rooney Sports Complex. (Matt Freed\/Post-Gazette)&lt;\/p&gt;\n\" data-medium-file=\"https:\/\/i0.wp.com\/newsinteractive.post-gazette.com\/photos\/wp-content\/uploads\/sites\/5\/2022\/06\/20220609mfsteelerssports04-scaled.jpg?fit=300%2C184&amp;ssl=1\" data-large-file=\"https:\/\/i0.wp.com\/newsinteractive.post-gazette.com\/photos\/wp-content\/uploads\/sites\/5\/2022\/06\/20220609mfsteelerssports04-scaled.jpg?fit=848%2C519&amp;ssl=1\" class=\"size-full wp-image-30194\" src=\"https:\/\/i0.wp.com\/newsinteractive.post-gazette.com\/photos\/wp-content\/uploads\/sites\/5\/2022\/06\/20220609mfsteelerssports04-scaled.jpg?resize=848%2C519&#038;ssl=1\" alt=\"\" width=\"848\" height=\"519\" srcset=\"https:\/\/i0.wp.com\/newsinteractive.post-gazette.com\/photos\/wp-content\/uploads\/sites\/5\/2022\/06\/20220609mfsteelerssports04-scaled.jpg?w=2560&amp;ssl=1 2560w, https:\/\/i0.wp.com\/newsinteractive.post-gazette.com\/photos\/wp-content\/uploads\/sites\/5\/2022\/06\/20220609mfsteelerssports04-scaled.jpg?resize=300%2C184&amp;ssl=1 300w, https:\/\/i0.wp.com\/newsinteractive.post-gazette.com\/photos\/wp-content\/uploads\/sites\/5\/2022\/06\/20220609mfsteelerssports04-scaled.jpg?resize=1024%2C627&amp;ssl=1 1024w, https:\/\/i0.wp.com\/newsinteractive.post-gazette.com\/photos\/wp-content\/uploads\/sites\/5\/2022\/06\/20220609mfsteelerssports04-scaled.jpg?resize=416%2C255&amp;ssl=1 416w, https:\/\/i0.wp.com\/newsinteractive.post-gazette.com\/photos\/wp-content\/uploads\/sites\/5\/2022\/06\/20220609mfsteelerssports04-scaled.jpg?resize=1536%2C941&amp;ssl=1 1536w, https:\/\/i0.wp.com\/newsinteractive.post-gazette.com\/photos\/wp-content\/uploads\/sites\/5\/2022\/06\/20220609mfsteelerssports04-scaled.jpg?resize=2048%2C1254&amp;ssl=1 2048w, https:\/\/i0.wp.com\/newsinteractive.post-gazette.com\/photos\/wp-content\/uploads\/sites\/5\/2022\/06\/20220609mfsteelerssports04-scaled.jpg?w=1696&amp;ssl=1 1696w\" sizes=\"(max-width: 848px) 100vw, 848px\" data-recalc-dims=\"1\" \/><figcaption id=\"caption-attachment-30194\" class=\"wp-caption-text\">Steelers linebacker Alex Highsmith warms up during minicamp, Thursday, June 9, 2022, at UPMC Rooney Sports Complex. (Matt Freed\/Post-Gazette)<\/figcaption><\/figure>\n<figure id=\"attachment_30195\" aria-describedby=\"caption-attachment-30195\" style=\"width: 2560px\" class=\"wp-caption aligncenter\"><img loading=\"lazy\" decoding=\"async\" data-attachment-id=\"30195\" data-permalink=\"https:\/\/newsinteractive.post-gazette.com\/photos\/2022\/06\/06\/week-in-photos-june-5-11-2022\/20220609mfsteelerssports13\/\" data-orig-file=\"https:\/\/i0.wp.com\/newsinteractive.post-gazette.com\/photos\/wp-content\/uploads\/sites\/5\/2022\/06\/20220609mfsteelerssports13-scaled.jpg?fit=2560%2C1676&amp;ssl=1\" data-orig-size=\"2560,1676\" data-comments-opened=\"0\" data-image-meta=\"{&quot;aperture&quot;:&quot;8&quot;,&quot;credit&quot;:&quot;Matt Freed\\\/Post-Gazette&quot;,&quot;camera&quot;:&quot;ILCE-9M2&quot;,&quot;caption&quot;:&quot;Steelers safety Terrell Edmunds warms up during minicamp, Thursday, June 9, 2022, at UPMC Rooney Sports Complex. (Matt Freed\\\/Post-Gazette)&quot;,&quot;created_timestamp&quot;:&quot;1654791325&quot;,&quot;copyright&quot;:&quot;&quot;,&quot;focal_length&quot;:&quot;560&quot;,&quot;iso&quot;:&quot;1600&quot;,&quot;shutter_speed&quot;:&quot;0.0008&quot;,&quot;title&quot;:&quot;&quot;,&quot;orientation&quot;:&quot;1&quot;}\" data-image-title=\"20220609mfsteelerssports13\" data-image-description=\"\" data-image-caption=\"&lt;p&gt;Steelers safety Terrell Edmunds warms up during minicamp, Thursday, June 9, 2022, at UPMC Rooney Sports Complex. (Matt Freed\/Post-Gazette)&lt;\/p&gt;\n\" data-medium-file=\"https:\/\/i0.wp.com\/newsinteractive.post-gazette.com\/photos\/wp-content\/uploads\/sites\/5\/2022\/06\/20220609mfsteelerssports13-scaled.jpg?fit=300%2C196&amp;ssl=1\" data-large-file=\"https:\/\/i0.wp.com\/newsinteractive.post-gazette.com\/photos\/wp-content\/uploads\/sites\/5\/2022\/06\/20220609mfsteelerssports13-scaled.jpg?fit=848%2C555&amp;ssl=1\" class=\"size-full wp-image-30195\" src=\"https:\/\/i0.wp.com\/newsinteractive.post-gazette.com\/photos\/wp-content\/uploads\/sites\/5\/2022\/06\/20220609mfsteelerssports13-scaled.jpg?resize=848%2C555&#038;ssl=1\" alt=\"\" width=\"848\" height=\"555\" srcset=\"https:\/\/i0.wp.com\/newsinteractive.post-gazette.com\/photos\/wp-content\/uploads\/sites\/5\/2022\/06\/20220609mfsteelerssports13-scaled.jpg?w=2560&amp;ssl=1 2560w, https:\/\/i0.wp.com\/newsinteractive.post-gazette.com\/photos\/wp-content\/uploads\/sites\/5\/2022\/06\/20220609mfsteelerssports13-scaled.jpg?resize=300%2C196&amp;ssl=1 300w, https:\/\/i0.wp.com\/newsinteractive.post-gazette.com\/photos\/wp-content\/uploads\/sites\/5\/2022\/06\/20220609mfsteelerssports13-scaled.jpg?resize=1024%2C670&amp;ssl=1 1024w, https:\/\/i0.wp.com\/newsinteractive.post-gazette.com\/photos\/wp-content\/uploads\/sites\/5\/2022\/06\/20220609mfsteelerssports13-scaled.jpg?resize=390%2C255&amp;ssl=1 390w, https:\/\/i0.wp.com\/newsinteractive.post-gazette.com\/photos\/wp-content\/uploads\/sites\/5\/2022\/06\/20220609mfsteelerssports13-scaled.jpg?resize=1536%2C1005&amp;ssl=1 1536w, https:\/\/i0.wp.com\/newsinteractive.post-gazette.com\/photos\/wp-content\/uploads\/sites\/5\/2022\/06\/20220609mfsteelerssports13-scaled.jpg?resize=2048%2C1341&amp;ssl=1 2048w, https:\/\/i0.wp.com\/newsinteractive.post-gazette.com\/photos\/wp-content\/uploads\/sites\/5\/2022\/06\/20220609mfsteelerssports13-scaled.jpg?w=1696&amp;ssl=1 1696w\" sizes=\"(max-width: 848px) 100vw, 848px\" data-recalc-dims=\"1\" \/><figcaption id=\"caption-attachment-30195\" class=\"wp-caption-text\">Steelers safety Terrell Edmunds warms up during minicamp, Thursday, June 9, 2022, at UPMC Rooney Sports Complex. (Matt Freed\/Post-Gazette)<\/figcaption><\/figure>\n<figure id=\"attachment_30196\" aria-describedby=\"caption-attachment-30196\" style=\"width: 2560px\" class=\"wp-caption aligncenter\"><img loading=\"lazy\" decoding=\"async\" data-attachment-id=\"30196\" data-permalink=\"https:\/\/newsinteractive.post-gazette.com\/photos\/2022\/06\/06\/week-in-photos-june-5-11-2022\/20220609mfsteelerssports15\/\" data-orig-file=\"https:\/\/i0.wp.com\/newsinteractive.post-gazette.com\/photos\/wp-content\/uploads\/sites\/5\/2022\/06\/20220609mfsteelerssports15-scaled.jpg?fit=2560%2C1846&amp;ssl=1\" data-orig-size=\"2560,1846\" data-comments-opened=\"0\" data-image-meta=\"{&quot;aperture&quot;:&quot;5&quot;,&quot;credit&quot;:&quot;Matt Freed\\\/Post-Gazette&quot;,&quot;camera&quot;:&quot;ILCE-9M2&quot;,&quot;caption&quot;:&quot;Steelers running back Anthony McFarland Jr. works through drills during minicamp, Thursday, June 9, 2022, at UPMC Rooney Sports Complex. (Matt Freed\\\/Post-Gazette)&quot;,&quot;created_timestamp&quot;:&quot;1654792558&quot;,&quot;copyright&quot;:&quot;&quot;,&quot;focal_length&quot;:&quot;560&quot;,&quot;iso&quot;:&quot;800&quot;,&quot;shutter_speed&quot;:&quot;0.0005&quot;,&quot;title&quot;:&quot;&quot;,&quot;orientation&quot;:&quot;1&quot;}\" data-image-title=\"20220609mfsteelerssports15\" data-image-description=\"\" data-image-caption=\"&lt;p&gt;Steelers running back Anthony McFarland Jr. works through drills during minicamp, Thursday, June 9, 2022, at UPMC Rooney Sports Complex. (Matt Freed\/Post-Gazette)&lt;\/p&gt;\n\" data-medium-file=\"https:\/\/i0.wp.com\/newsinteractive.post-gazette.com\/photos\/wp-content\/uploads\/sites\/5\/2022\/06\/20220609mfsteelerssports15-scaled.jpg?fit=300%2C216&amp;ssl=1\" data-large-file=\"https:\/\/i0.wp.com\/newsinteractive.post-gazette.com\/photos\/wp-content\/uploads\/sites\/5\/2022\/06\/20220609mfsteelerssports15-scaled.jpg?fit=848%2C611&amp;ssl=1\" class=\"size-full wp-image-30196\" src=\"https:\/\/i0.wp.com\/newsinteractive.post-gazette.com\/photos\/wp-content\/uploads\/sites\/5\/2022\/06\/20220609mfsteelerssports15-scaled.jpg?resize=848%2C611&#038;ssl=1\" alt=\"\" width=\"848\" height=\"611\" srcset=\"https:\/\/i0.wp.com\/newsinteractive.post-gazette.com\/photos\/wp-content\/uploads\/sites\/5\/2022\/06\/20220609mfsteelerssports15-scaled.jpg?w=2560&amp;ssl=1 2560w, https:\/\/i0.wp.com\/newsinteractive.post-gazette.com\/photos\/wp-content\/uploads\/sites\/5\/2022\/06\/20220609mfsteelerssports15-scaled.jpg?resize=300%2C216&amp;ssl=1 300w, https:\/\/i0.wp.com\/newsinteractive.post-gazette.com\/photos\/wp-content\/uploads\/sites\/5\/2022\/06\/20220609mfsteelerssports15-scaled.jpg?resize=1024%2C738&amp;ssl=1 1024w, https:\/\/i0.wp.com\/newsinteractive.post-gazette.com\/photos\/wp-content\/uploads\/sites\/5\/2022\/06\/20220609mfsteelerssports15-scaled.jpg?resize=354%2C255&amp;ssl=1 354w, https:\/\/i0.wp.com\/newsinteractive.post-gazette.com\/photos\/wp-content\/uploads\/sites\/5\/2022\/06\/20220609mfsteelerssports15-scaled.jpg?resize=1536%2C1108&amp;ssl=1 1536w, https:\/\/i0.wp.com\/newsinteractive.post-gazette.com\/photos\/wp-content\/uploads\/sites\/5\/2022\/06\/20220609mfsteelerssports15-scaled.jpg?resize=2048%2C1477&amp;ssl=1 2048w, https:\/\/i0.wp.com\/newsinteractive.post-gazette.com\/photos\/wp-content\/uploads\/sites\/5\/2022\/06\/20220609mfsteelerssports15-scaled.jpg?w=1696&amp;ssl=1 1696w\" sizes=\"(max-width: 848px) 100vw, 848px\" data-recalc-dims=\"1\" \/><figcaption id=\"caption-attachment-30196\" class=\"wp-caption-text\">Steelers running back Anthony McFarland Jr. works through drills during minicamp, Thursday, June 9, 2022, at UPMC Rooney Sports Complex. (Matt Freed\/Post-Gazette)<\/figcaption><\/figure>\n<figure id=\"attachment_30197\" aria-describedby=\"caption-attachment-30197\" style=\"width: 2560px\" class=\"wp-caption aligncenter\"><img loading=\"lazy\" decoding=\"async\" data-attachment-id=\"30197\" data-permalink=\"https:\/\/newsinteractive.post-gazette.com\/photos\/2022\/06\/06\/week-in-photos-june-5-11-2022\/20220609mfsteelerssports21\/\" data-orig-file=\"https:\/\/i0.wp.com\/newsinteractive.post-gazette.com\/photos\/wp-content\/uploads\/sites\/5\/2022\/06\/20220609mfsteelerssports21-scaled.jpg?fit=2560%2C1817&amp;ssl=1\" data-orig-size=\"2560,1817\" data-comments-opened=\"0\" data-image-meta=\"{&quot;aperture&quot;:&quot;5&quot;,&quot;credit&quot;:&quot;Matt Freed\\\/Post-Gazette&quot;,&quot;camera&quot;:&quot;ILCE-9M2&quot;,&quot;caption&quot;:&quot;Steelers quarterbacks Mason Rudolph and Mitch Trubisky drop back to pass during minicamp, Thursday, June 9, 2022, at UPMC Rooney Sports Complex. (Matt Freed\\\/Post-Gazette)&quot;,&quot;created_timestamp&quot;:&quot;1654793221&quot;,&quot;copyright&quot;:&quot;&quot;,&quot;focal_length&quot;:&quot;560&quot;,&quot;iso&quot;:&quot;800&quot;,&quot;shutter_speed&quot;:&quot;0.0004&quot;,&quot;title&quot;:&quot;&quot;,&quot;orientation&quot;:&quot;1&quot;}\" data-image-title=\"20220609mfsteelerssports21\" data-image-description=\"\" data-image-caption=\"&lt;p&gt;Steelers quarterbacks Mason Rudolph and Mitch Trubisky drop back to pass during minicamp, Thursday, June 9, 2022, at UPMC Rooney Sports Complex. (Matt Freed\/Post-Gazette)&lt;\/p&gt;\n\" data-medium-file=\"https:\/\/i0.wp.com\/newsinteractive.post-gazette.com\/photos\/wp-content\/uploads\/sites\/5\/2022\/06\/20220609mfsteelerssports21-scaled.jpg?fit=300%2C213&amp;ssl=1\" data-large-file=\"https:\/\/i0.wp.com\/newsinteractive.post-gazette.com\/photos\/wp-content\/uploads\/sites\/5\/2022\/06\/20220609mfsteelerssports21-scaled.jpg?fit=848%2C602&amp;ssl=1\" class=\"size-full wp-image-30197\" src=\"https:\/\/i0.wp.com\/newsinteractive.post-gazette.com\/photos\/wp-content\/uploads\/sites\/5\/2022\/06\/20220609mfsteelerssports21-scaled.jpg?resize=848%2C602&#038;ssl=1\" alt=\"\" width=\"848\" height=\"602\" srcset=\"https:\/\/i0.wp.com\/newsinteractive.post-gazette.com\/photos\/wp-content\/uploads\/sites\/5\/2022\/06\/20220609mfsteelerssports21-scaled.jpg?w=2560&amp;ssl=1 2560w, https:\/\/i0.wp.com\/newsinteractive.post-gazette.com\/photos\/wp-content\/uploads\/sites\/5\/2022\/06\/20220609mfsteelerssports21-scaled.jpg?resize=300%2C213&amp;ssl=1 300w, https:\/\/i0.wp.com\/newsinteractive.post-gazette.com\/photos\/wp-content\/uploads\/sites\/5\/2022\/06\/20220609mfsteelerssports21-scaled.jpg?resize=1024%2C727&amp;ssl=1 1024w, https:\/\/i0.wp.com\/newsinteractive.post-gazette.com\/photos\/wp-content\/uploads\/sites\/5\/2022\/06\/20220609mfsteelerssports21-scaled.jpg?resize=359%2C255&amp;ssl=1 359w, https:\/\/i0.wp.com\/newsinteractive.post-gazette.com\/photos\/wp-content\/uploads\/sites\/5\/2022\/06\/20220609mfsteelerssports21-scaled.jpg?resize=1536%2C1090&amp;ssl=1 1536w, https:\/\/i0.wp.com\/newsinteractive.post-gazette.com\/photos\/wp-content\/uploads\/sites\/5\/2022\/06\/20220609mfsteelerssports21-scaled.jpg?resize=2048%2C1453&amp;ssl=1 2048w, https:\/\/i0.wp.com\/newsinteractive.post-gazette.com\/photos\/wp-content\/uploads\/sites\/5\/2022\/06\/20220609mfsteelerssports21-scaled.jpg?w=1696&amp;ssl=1 1696w\" sizes=\"(max-width: 848px) 100vw, 848px\" data-recalc-dims=\"1\" \/><figcaption id=\"caption-attachment-30197\" class=\"wp-caption-text\">Steelers quarterbacks Mason Rudolph and Mitch Trubisky drop back to pass during minicamp, Thursday, June 9, 2022, at UPMC Rooney Sports Complex. (Matt Freed\/Post-Gazette)<\/figcaption><\/figure>\n<figure id=\"attachment_30186\" aria-describedby=\"caption-attachment-30186\" style=\"width: 2560px\" class=\"wp-caption aligncenter\"><img loading=\"lazy\" decoding=\"async\" data-attachment-id=\"30186\" data-permalink=\"https:\/\/newsinteractive.post-gazette.com\/photos\/2022\/06\/06\/week-in-photos-june-5-11-2022\/20020609mfbakerysquare06loc\/\" data-orig-file=\"https:\/\/i0.wp.com\/newsinteractive.post-gazette.com\/photos\/wp-content\/uploads\/sites\/5\/2022\/06\/20020609MFbakerysquare06LOC-scaled.jpg?fit=2560%2C1703&amp;ssl=1\" data-orig-size=\"2560,1703\" data-comments-opened=\"0\" data-image-meta=\"{&quot;aperture&quot;:&quot;14&quot;,&quot;credit&quot;:&quot;(Mary Flavin\\\/Post-Gazette)&quot;,&quot;camera&quot;:&quot;NIKON D3&quot;,&quot;caption&quot;:&quot;Gregg Perelman, CEO of Walnut Capital, talks about the Larimer-Homewood Connector, a new road that will replace the 1.5 mile, abandoned railroad with a tree-and-garden lined multimodal road that connects Larimer and Homewood on Thursday June 9, 2022, in Pittsburgh, Pa. (Mary Flavin\\\/Pittsburgh Post-Gazette via AP)&quot;,&quot;created_timestamp&quot;:&quot;1654770141&quot;,&quot;copyright&quot;:&quot;&quot;,&quot;focal_length&quot;:&quot;35&quot;,&quot;iso&quot;:&quot;2500&quot;,&quot;shutter_speed&quot;:&quot;0.00125&quot;,&quot;title&quot;:&quot;&quot;,&quot;orientation&quot;:&quot;1&quot;}\" data-image-title=\"20020609MFbakerysquare06LOC\" data-image-description=\"\" data-image-caption=\"&lt;p&gt;Gregg Perelman, CEO of Walnut Capital, talks about the Larimer-Homewood Connector, a new road that will replace the 1.5 mile, abandoned railroad with a tree-and-garden lined multimodal road that connects Larimer and Homewood on Thursday June 9, 2022, in Pittsburgh, Pa. (Mary Flavin\/Pittsburgh Post-Gazette via AP)&lt;\/p&gt;\n\" data-medium-file=\"https:\/\/i0.wp.com\/newsinteractive.post-gazette.com\/photos\/wp-content\/uploads\/sites\/5\/2022\/06\/20020609MFbakerysquare06LOC-scaled.jpg?fit=300%2C200&amp;ssl=1\" data-large-file=\"https:\/\/i0.wp.com\/newsinteractive.post-gazette.com\/photos\/wp-content\/uploads\/sites\/5\/2022\/06\/20020609MFbakerysquare06LOC-scaled.jpg?fit=848%2C564&amp;ssl=1\" class=\"size-full wp-image-30186\" src=\"https:\/\/i0.wp.com\/newsinteractive.post-gazette.com\/photos\/wp-content\/uploads\/sites\/5\/2022\/06\/20020609MFbakerysquare06LOC-scaled.jpg?resize=848%2C564&#038;ssl=1\" alt=\"\" width=\"848\" height=\"564\" srcset=\"https:\/\/i0.wp.com\/newsinteractive.post-gazette.com\/photos\/wp-content\/uploads\/sites\/5\/2022\/06\/20020609MFbakerysquare06LOC-scaled.jpg?w=2560&amp;ssl=1 2560w, https:\/\/i0.wp.com\/newsinteractive.post-gazette.com\/photos\/wp-content\/uploads\/sites\/5\/2022\/06\/20020609MFbakerysquare06LOC-scaled.jpg?resize=300%2C200&amp;ssl=1 300w, https:\/\/i0.wp.com\/newsinteractive.post-gazette.com\/photos\/wp-content\/uploads\/sites\/5\/2022\/06\/20020609MFbakerysquare06LOC-scaled.jpg?resize=1024%2C681&amp;ssl=1 1024w, https:\/\/i0.wp.com\/newsinteractive.post-gazette.com\/photos\/wp-content\/uploads\/sites\/5\/2022\/06\/20020609MFbakerysquare06LOC-scaled.jpg?resize=383%2C255&amp;ssl=1 383w, https:\/\/i0.wp.com\/newsinteractive.post-gazette.com\/photos\/wp-content\/uploads\/sites\/5\/2022\/06\/20020609MFbakerysquare06LOC-scaled.jpg?resize=1536%2C1022&amp;ssl=1 1536w, https:\/\/i0.wp.com\/newsinteractive.post-gazette.com\/photos\/wp-content\/uploads\/sites\/5\/2022\/06\/20020609MFbakerysquare06LOC-scaled.jpg?resize=2048%2C1363&amp;ssl=1 2048w, https:\/\/i0.wp.com\/newsinteractive.post-gazette.com\/photos\/wp-content\/uploads\/sites\/5\/2022\/06\/20020609MFbakerysquare06LOC-scaled.jpg?w=1696&amp;ssl=1 1696w\" sizes=\"(max-width: 848px) 100vw, 848px\" data-recalc-dims=\"1\" \/><figcaption id=\"caption-attachment-30186\" class=\"wp-caption-text\">Gregg Perelman, CEO of Walnut Capital, talks about the Larimer-Homewood Connector, a new road that will replace the 1.5 mile, abandoned railroad with a tree-and-garden lined multimodal road that connects Larimer and Homewood on Thursday, June 9, 2022, in Pittsburgh, Pa. (Mary Flavin\/Pittsburgh Post-Gazette via AP)<\/figcaption><\/figure>\n<figure id=\"attachment_30187\" aria-describedby=\"caption-attachment-30187\" style=\"width: 2560px\" class=\"wp-caption aligncenter\"><img loading=\"lazy\" decoding=\"async\" data-attachment-id=\"30187\" data-permalink=\"https:\/\/newsinteractive.post-gazette.com\/photos\/2022\/06\/06\/week-in-photos-june-5-11-2022\/20220609ac-weather-photo\/\" data-orig-file=\"https:\/\/i0.wp.com\/newsinteractive.post-gazette.com\/photos\/wp-content\/uploads\/sites\/5\/2022\/06\/20220609AC-Weather-Photo-scaled.jpg?fit=2560%2C1704&amp;ssl=1\" data-orig-size=\"2560,1704\" data-comments-opened=\"0\" data-image-meta=\"{&quot;aperture&quot;:&quot;13&quot;,&quot;credit&quot;:&quot;Alicia Chiang\\\/Pittsburgh Post-Ga&quot;,&quot;camera&quot;:&quot;NIKON D4S&quot;,&quot;caption&quot;:&quot;A view of clouds above downtown Pittsburgh on Thursday, Jun9 2022, through the space between the Point Of View sculpture by James A. West at Grand View Scenic Byway Park atop Mt.Washington, Pittsburgh, Pa. (Alicia Chiang\\\/Pittsburgh Post-Gazette via AP)&quot;,&quot;created_timestamp&quot;:&quot;1654768560&quot;,&quot;copyright&quot;:&quot;Pittsburgh Post-Gazette&quot;,&quot;focal_length&quot;:&quot;48&quot;,&quot;iso&quot;:&quot;200&quot;,&quot;shutter_speed&quot;:&quot;0.004&quot;,&quot;title&quot;:&quot;&quot;,&quot;orientation&quot;:&quot;1&quot;}\" data-image-title=\"20220609AC Weather Photo\" data-image-description=\"\" data-image-caption=\"&lt;p&gt;A view of clouds above downtown Pittsburgh on Thursday, Jun9 2022, through the space between the Point Of View sculpture by James A. West at Grand View Scenic Byway Park atop Mt.Washington, Pittsburgh, Pa. (Alicia Chiang\/Pittsburgh Post-Gazette via AP)&lt;\/p&gt;\n\" data-medium-file=\"https:\/\/i0.wp.com\/newsinteractive.post-gazette.com\/photos\/wp-content\/uploads\/sites\/5\/2022\/06\/20220609AC-Weather-Photo-scaled.jpg?fit=300%2C200&amp;ssl=1\" data-large-file=\"https:\/\/i0.wp.com\/newsinteractive.post-gazette.com\/photos\/wp-content\/uploads\/sites\/5\/2022\/06\/20220609AC-Weather-Photo-scaled.jpg?fit=848%2C565&amp;ssl=1\" class=\"size-full wp-image-30187\" src=\"https:\/\/i0.wp.com\/newsinteractive.post-gazette.com\/photos\/wp-content\/uploads\/sites\/5\/2022\/06\/20220609AC-Weather-Photo-scaled.jpg?resize=848%2C564&#038;ssl=1\" alt=\"\" width=\"848\" height=\"564\" srcset=\"https:\/\/i0.wp.com\/newsinteractive.post-gazette.com\/photos\/wp-content\/uploads\/sites\/5\/2022\/06\/20220609AC-Weather-Photo-scaled.jpg?w=2560&amp;ssl=1 2560w, https:\/\/i0.wp.com\/newsinteractive.post-gazette.com\/photos\/wp-content\/uploads\/sites\/5\/2022\/06\/20220609AC-Weather-Photo-scaled.jpg?resize=300%2C200&amp;ssl=1 300w, https:\/\/i0.wp.com\/newsinteractive.post-gazette.com\/photos\/wp-content\/uploads\/sites\/5\/2022\/06\/20220609AC-Weather-Photo-scaled.jpg?resize=1024%2C682&amp;ssl=1 1024w, https:\/\/i0.wp.com\/newsinteractive.post-gazette.com\/photos\/wp-content\/uploads\/sites\/5\/2022\/06\/20220609AC-Weather-Photo-scaled.jpg?resize=383%2C255&amp;ssl=1 383w, https:\/\/i0.wp.com\/newsinteractive.post-gazette.com\/photos\/wp-content\/uploads\/sites\/5\/2022\/06\/20220609AC-Weather-Photo-scaled.jpg?resize=1536%2C1022&amp;ssl=1 1536w, https:\/\/i0.wp.com\/newsinteractive.post-gazette.com\/photos\/wp-content\/uploads\/sites\/5\/2022\/06\/20220609AC-Weather-Photo-scaled.jpg?resize=2048%2C1363&amp;ssl=1 2048w, https:\/\/i0.wp.com\/newsinteractive.post-gazette.com\/photos\/wp-content\/uploads\/sites\/5\/2022\/06\/20220609AC-Weather-Photo-scaled.jpg?w=1696&amp;ssl=1 1696w\" sizes=\"(max-width: 848px) 100vw, 848px\" data-recalc-dims=\"1\" \/><figcaption id=\"caption-attachment-30187\" class=\"wp-caption-text\">A view of clouds above downtown Pittsburgh on Thursday, June 9 2022, through the space between the Point Of View sculpture by James A. West at Grand View Scenic Byway Park atop Mt. Washington, Pittsburgh, Pa. (Alicia Chiang\/Pittsburgh Post-Gazette via AP)<\/figcaption><\/figure>\n<figure id=\"attachment_30188\" aria-describedby=\"caption-attachment-30188\" style=\"width: 2560px\" class=\"wp-caption aligncenter\"><img loading=\"lazy\" decoding=\"async\" data-attachment-id=\"30188\" data-permalink=\"https:\/\/newsinteractive.post-gazette.com\/photos\/2022\/06\/06\/week-in-photos-june-5-11-2022\/20220609mfbakerysquare04loc\/\" data-orig-file=\"https:\/\/i0.wp.com\/newsinteractive.post-gazette.com\/photos\/wp-content\/uploads\/sites\/5\/2022\/06\/20220609MFbakerysquare04LOC-scaled.jpg?fit=2560%2C1469&amp;ssl=1\" data-orig-size=\"2560,1469\" data-comments-opened=\"0\" data-image-meta=\"{&quot;aperture&quot;:&quot;14&quot;,&quot;credit&quot;:&quot;(Mary Flavin\\\/Post-Gazette)&quot;,&quot;camera&quot;:&quot;NIKON D3&quot;,&quot;caption&quot;:&quot;Walnut Capital, the developers of Bakery Square, elected leaders and community members from Larimer and Homewood celebrate the beginning of the Larimer-Homewood Connector by ceremoniously knocking over a fence and clearing the way for the new road on Thursday June 9, 2022, In Pittsburgh, Pa. (Mary Flavin\\\/Pittsburgh Post-Gazette via AP)&quot;,&quot;created_timestamp&quot;:&quot;1654771848&quot;,&quot;copyright&quot;:&quot;&quot;,&quot;focal_length&quot;:&quot;28&quot;,&quot;iso&quot;:&quot;2500&quot;,&quot;shutter_speed&quot;:&quot;0.00125&quot;,&quot;title&quot;:&quot;&quot;,&quot;orientation&quot;:&quot;1&quot;}\" data-image-title=\"20220609MFbakerysquare04LOC\" data-image-description=\"\" data-image-caption=\"&lt;p&gt;Walnut Capital, the developers of Bakery Square, elected leaders and community members from Larimer and Homewood celebrate the beginning of the Larimer-Homewood Connector by ceremoniously knocking over a fence and clearing the way for the new road on Thursday June 9, 2022, In Pittsburgh, Pa. (Mary Flavin\/Pittsburgh Post-Gazette via AP)&lt;\/p&gt;\n\" data-medium-file=\"https:\/\/i0.wp.com\/newsinteractive.post-gazette.com\/photos\/wp-content\/uploads\/sites\/5\/2022\/06\/20220609MFbakerysquare04LOC-scaled.jpg?fit=300%2C172&amp;ssl=1\" data-large-file=\"https:\/\/i0.wp.com\/newsinteractive.post-gazette.com\/photos\/wp-content\/uploads\/sites\/5\/2022\/06\/20220609MFbakerysquare04LOC-scaled.jpg?fit=848%2C487&amp;ssl=1\" class=\"size-full wp-image-30188\" src=\"https:\/\/i0.wp.com\/newsinteractive.post-gazette.com\/photos\/wp-content\/uploads\/sites\/5\/2022\/06\/20220609MFbakerysquare04LOC-scaled.jpg?resize=848%2C487&#038;ssl=1\" alt=\"\" width=\"848\" height=\"487\" srcset=\"https:\/\/i0.wp.com\/newsinteractive.post-gazette.com\/photos\/wp-content\/uploads\/sites\/5\/2022\/06\/20220609MFbakerysquare04LOC-scaled.jpg?w=2560&amp;ssl=1 2560w, https:\/\/i0.wp.com\/newsinteractive.post-gazette.com\/photos\/wp-content\/uploads\/sites\/5\/2022\/06\/20220609MFbakerysquare04LOC-scaled.jpg?resize=300%2C172&amp;ssl=1 300w, https:\/\/i0.wp.com\/newsinteractive.post-gazette.com\/photos\/wp-content\/uploads\/sites\/5\/2022\/06\/20220609MFbakerysquare04LOC-scaled.jpg?resize=1024%2C588&amp;ssl=1 1024w, https:\/\/i0.wp.com\/newsinteractive.post-gazette.com\/photos\/wp-content\/uploads\/sites\/5\/2022\/06\/20220609MFbakerysquare04LOC-scaled.jpg?resize=444%2C255&amp;ssl=1 444w, https:\/\/i0.wp.com\/newsinteractive.post-gazette.com\/photos\/wp-content\/uploads\/sites\/5\/2022\/06\/20220609MFbakerysquare04LOC-scaled.jpg?resize=1536%2C882&amp;ssl=1 1536w, https:\/\/i0.wp.com\/newsinteractive.post-gazette.com\/photos\/wp-content\/uploads\/sites\/5\/2022\/06\/20220609MFbakerysquare04LOC-scaled.jpg?resize=2048%2C1175&amp;ssl=1 2048w, https:\/\/i0.wp.com\/newsinteractive.post-gazette.com\/photos\/wp-content\/uploads\/sites\/5\/2022\/06\/20220609MFbakerysquare04LOC-scaled.jpg?w=1696&amp;ssl=1 1696w\" sizes=\"(max-width: 848px) 100vw, 848px\" data-recalc-dims=\"1\" \/><figcaption id=\"caption-attachment-30188\" class=\"wp-caption-text\">Walnut Capital, the developers of Bakery Square, elected leaders and community members from Larimer and Homewood celebrate the beginning of the Larimer-Homewood Connector by ceremoniously knocking over a fence and clearing the way for the new road on Thursday, June 9, 2022, In Pittsburgh, Pa. (Mary Flavin\/Pittsburgh Post-Gazette via AP)<\/figcaption><\/figure>\n<figure id=\"attachment_30189\" aria-describedby=\"caption-attachment-30189\" style=\"width: 2560px\" class=\"wp-caption aligncenter\"><img loading=\"lazy\" decoding=\"async\" data-attachment-id=\"30189\" data-permalink=\"https:\/\/newsinteractive.post-gazette.com\/photos\/2022\/06\/06\/week-in-photos-june-5-11-2022\/20220609ng_prt02\/\" data-orig-file=\"https:\/\/i0.wp.com\/newsinteractive.post-gazette.com\/photos\/wp-content\/uploads\/sites\/5\/2022\/06\/20220609ng_PRT02-scaled.jpg?fit=2560%2C1633&amp;ssl=1\" data-orig-size=\"2560,1633\" data-comments-opened=\"0\" data-image-meta=\"{&quot;aperture&quot;:&quot;3.5&quot;,&quot;credit&quot;:&quot;Post-Gazette&quot;,&quot;camera&quot;:&quot;NIKON D850&quot;,&quot;caption&quot;:&quot;(PLEASE WITHHOLD MY BYLINE\\\/CREDIT.)\\rKatherine Eagan Kelleman, CEO of the Pittsburgh Regional Transit, talks about the rebranding of the Port Authority public transit service during a press conference Thursday, June 9, 2022, at the Gateway T station on Stanwix Street, Downtown Pittsburgh, Pa. She said the goal is to make everything a uniform. The effort also will include changing the name of the service to the Pittsburgh Regional Transit.(Pittsburgh Post-Gazette via AP)&quot;,&quot;created_timestamp&quot;:&quot;1654783430&quot;,&quot;copyright&quot;:&quot;&quot;,&quot;focal_length&quot;:&quot;42&quot;,&quot;iso&quot;:&quot;800&quot;,&quot;shutter_speed&quot;:&quot;0.01&quot;,&quot;title&quot;:&quot;&quot;,&quot;orientation&quot;:&quot;1&quot;}\" data-image-title=\"20220609ng_PRT02\" data-image-description=\"\" data-image-caption=\"&lt;p&gt;(PLEASE WITHHOLD MY BYLINE\/CREDIT.)&lt;br \/&gt;\nKatherine Eagan Kelleman, CEO of the Pittsburgh Regional Transit, talks about the rebranding of the Port Authority public transit service during a press conference Thursday, June 9, 2022, at the Gateway T station on Stanwix Street, Downtown Pittsburgh, Pa. She said the goal is to make everything a uniform. The effort also will include changing the name of the service to the Pittsburgh Regional Transit.(Pittsburgh Post-Gazette via AP)&lt;\/p&gt;\n\" data-medium-file=\"https:\/\/i0.wp.com\/newsinteractive.post-gazette.com\/photos\/wp-content\/uploads\/sites\/5\/2022\/06\/20220609ng_PRT02-scaled.jpg?fit=300%2C191&amp;ssl=1\" data-large-file=\"https:\/\/i0.wp.com\/newsinteractive.post-gazette.com\/photos\/wp-content\/uploads\/sites\/5\/2022\/06\/20220609ng_PRT02-scaled.jpg?fit=848%2C541&amp;ssl=1\" class=\"size-full wp-image-30189\" src=\"https:\/\/i0.wp.com\/newsinteractive.post-gazette.com\/photos\/wp-content\/uploads\/sites\/5\/2022\/06\/20220609ng_PRT02-scaled.jpg?resize=848%2C541&#038;ssl=1\" alt=\"\" width=\"848\" height=\"541\" srcset=\"https:\/\/i0.wp.com\/newsinteractive.post-gazette.com\/photos\/wp-content\/uploads\/sites\/5\/2022\/06\/20220609ng_PRT02-scaled.jpg?w=2560&amp;ssl=1 2560w, https:\/\/i0.wp.com\/newsinteractive.post-gazette.com\/photos\/wp-content\/uploads\/sites\/5\/2022\/06\/20220609ng_PRT02-scaled.jpg?resize=300%2C191&amp;ssl=1 300w, https:\/\/i0.wp.com\/newsinteractive.post-gazette.com\/photos\/wp-content\/uploads\/sites\/5\/2022\/06\/20220609ng_PRT02-scaled.jpg?resize=1024%2C653&amp;ssl=1 1024w, https:\/\/i0.wp.com\/newsinteractive.post-gazette.com\/photos\/wp-content\/uploads\/sites\/5\/2022\/06\/20220609ng_PRT02-scaled.jpg?resize=400%2C255&amp;ssl=1 400w, https:\/\/i0.wp.com\/newsinteractive.post-gazette.com\/photos\/wp-content\/uploads\/sites\/5\/2022\/06\/20220609ng_PRT02-scaled.jpg?resize=1536%2C980&amp;ssl=1 1536w, https:\/\/i0.wp.com\/newsinteractive.post-gazette.com\/photos\/wp-content\/uploads\/sites\/5\/2022\/06\/20220609ng_PRT02-scaled.jpg?resize=2048%2C1307&amp;ssl=1 2048w, https:\/\/i0.wp.com\/newsinteractive.post-gazette.com\/photos\/wp-content\/uploads\/sites\/5\/2022\/06\/20220609ng_PRT02-scaled.jpg?w=1696&amp;ssl=1 1696w\" sizes=\"(max-width: 848px) 100vw, 848px\" data-recalc-dims=\"1\" \/><figcaption id=\"caption-attachment-30189\" class=\"wp-caption-text\">Katherine Eagan Kelleman, CEO of the Pittsburgh Regional Transit, talks about the rebranding of the Port Authority public transit service during a press conference Thursday, June 9, 2022, at the Gateway T station on Stanwix Street, Downtown Pittsburgh, Pa. She said the goal is to make everything uniform. The effort also will include changing the name of the service to the Pittsburgh Regional Transit. (Pittsburgh Post-Gazette via AP)<\/figcaption><\/figure>\n<figure id=\"attachment_30191\" aria-describedby=\"caption-attachment-30191\" style=\"width: 2560px\" class=\"wp-caption aligncenter\"><img loading=\"lazy\" decoding=\"async\" data-attachment-id=\"30191\" data-permalink=\"https:\/\/newsinteractive.post-gazette.com\/photos\/2022\/06\/06\/week-in-photos-june-5-11-2022\/20220608mfpiratessports06\/\" data-orig-file=\"https:\/\/i0.wp.com\/newsinteractive.post-gazette.com\/photos\/wp-content\/uploads\/sites\/5\/2022\/06\/20220608mfpiratessports06-scaled.jpg?fit=2560%2C2551&amp;ssl=1\" data-orig-size=\"2560,2551\" data-comments-opened=\"0\" data-image-meta=\"{&quot;aperture&quot;:&quot;7.1&quot;,&quot;credit&quot;:&quot;Matt Freed\\\/Post-Gazette&quot;,&quot;camera&quot;:&quot;ILCE-9M2&quot;,&quot;caption&quot;:&quot;Pirates second baseman Tucupita Marcano pulls in a line drive hit by Tigers right fielder Austin Meadows in the eighth inning, Wednesday, June 8, 2022, at PNC Park. (Matt Freed\\\/Post-Gazette)&quot;,&quot;created_timestamp&quot;:&quot;1654714038&quot;,&quot;copyright&quot;:&quot;&quot;,&quot;focal_length&quot;:&quot;400&quot;,&quot;iso&quot;:&quot;800&quot;,&quot;shutter_speed&quot;:&quot;0.0005&quot;,&quot;title&quot;:&quot;&quot;,&quot;orientation&quot;:&quot;1&quot;}\" data-image-title=\"20220608mfpiratessports06\" data-image-description=\"\" data-image-caption=\"&lt;p&gt;Pirates second baseman Tucupita Marcano pulls in a line drive hit by Tigers right fielder Austin Meadows in the eighth inning, Wednesday, June 8, 2022, at PNC Park. (Matt Freed\/Post-Gazette)&lt;\/p&gt;\n\" data-medium-file=\"https:\/\/i0.wp.com\/newsinteractive.post-gazette.com\/photos\/wp-content\/uploads\/sites\/5\/2022\/06\/20220608mfpiratessports06-scaled.jpg?fit=300%2C300&amp;ssl=1\" data-large-file=\"https:\/\/i0.wp.com\/newsinteractive.post-gazette.com\/photos\/wp-content\/uploads\/sites\/5\/2022\/06\/20220608mfpiratessports06-scaled.jpg?fit=848%2C845&amp;ssl=1\" class=\"size-full wp-image-30191\" src=\"https:\/\/i0.wp.com\/newsinteractive.post-gazette.com\/photos\/wp-content\/uploads\/sites\/5\/2022\/06\/20220608mfpiratessports06-scaled.jpg?resize=848%2C845&#038;ssl=1\" alt=\"\" width=\"848\" height=\"845\" srcset=\"https:\/\/i0.wp.com\/newsinteractive.post-gazette.com\/photos\/wp-content\/uploads\/sites\/5\/2022\/06\/20220608mfpiratessports06-scaled.jpg?w=2560&amp;ssl=1 2560w, https:\/\/i0.wp.com\/newsinteractive.post-gazette.com\/photos\/wp-content\/uploads\/sites\/5\/2022\/06\/20220608mfpiratessports06-scaled.jpg?resize=300%2C300&amp;ssl=1 300w, https:\/\/i0.wp.com\/newsinteractive.post-gazette.com\/photos\/wp-content\/uploads\/sites\/5\/2022\/06\/20220608mfpiratessports06-scaled.jpg?resize=1024%2C1020&amp;ssl=1 1024w, https:\/\/i0.wp.com\/newsinteractive.post-gazette.com\/photos\/wp-content\/uploads\/sites\/5\/2022\/06\/20220608mfpiratessports06-scaled.jpg?resize=256%2C255&amp;ssl=1 256w, https:\/\/i0.wp.com\/newsinteractive.post-gazette.com\/photos\/wp-content\/uploads\/sites\/5\/2022\/06\/20220608mfpiratessports06-scaled.jpg?resize=1536%2C1531&amp;ssl=1 1536w, https:\/\/i0.wp.com\/newsinteractive.post-gazette.com\/photos\/wp-content\/uploads\/sites\/5\/2022\/06\/20220608mfpiratessports06-scaled.jpg?resize=2048%2C2041&amp;ssl=1 2048w, https:\/\/i0.wp.com\/newsinteractive.post-gazette.com\/photos\/wp-content\/uploads\/sites\/5\/2022\/06\/20220608mfpiratessports06-scaled.jpg?resize=24%2C24&amp;ssl=1 24w, https:\/\/i0.wp.com\/newsinteractive.post-gazette.com\/photos\/wp-content\/uploads\/sites\/5\/2022\/06\/20220608mfpiratessports06-scaled.jpg?resize=48%2C48&amp;ssl=1 48w, https:\/\/i0.wp.com\/newsinteractive.post-gazette.com\/photos\/wp-content\/uploads\/sites\/5\/2022\/06\/20220608mfpiratessports06-scaled.jpg?resize=96%2C96&amp;ssl=1 96w, https:\/\/i0.wp.com\/newsinteractive.post-gazette.com\/photos\/wp-content\/uploads\/sites\/5\/2022\/06\/20220608mfpiratessports06-scaled.jpg?resize=150%2C150&amp;ssl=1 150w, https:\/\/i0.wp.com\/newsinteractive.post-gazette.com\/photos\/wp-content\/uploads\/sites\/5\/2022\/06\/20220608mfpiratessports06-scaled.jpg?w=1696&amp;ssl=1 1696w\" sizes=\"(max-width: 848px) 100vw, 848px\" data-recalc-dims=\"1\" \/><figcaption id=\"caption-attachment-30191\" class=\"wp-caption-text\">Pirates second baseman Tucupita Marcano pulls in a line drive hit by Tigers right fielder Austin Meadows in the eighth inning, Wednesday, June 8, 2022, at PNC Park. (Matt Freed\/Post-Gazette)<\/figcaption><\/figure>\n<figure id=\"attachment_30192\" aria-describedby=\"caption-attachment-30192\" style=\"width: 2560px\" class=\"wp-caption aligncenter\"><img loading=\"lazy\" decoding=\"async\" data-attachment-id=\"30192\" data-permalink=\"https:\/\/newsinteractive.post-gazette.com\/photos\/2022\/06\/06\/week-in-photos-june-5-11-2022\/20220608mfpiratessports07\/\" data-orig-file=\"https:\/\/i0.wp.com\/newsinteractive.post-gazette.com\/photos\/wp-content\/uploads\/sites\/5\/2022\/06\/20220608mfpiratessports07-scaled.jpg?fit=2560%2C2262&amp;ssl=1\" data-orig-size=\"2560,2262\" data-comments-opened=\"0\" data-image-meta=\"{&quot;aperture&quot;:&quot;7.1&quot;,&quot;credit&quot;:&quot;Matt Freed\\\/Post-Gazette&quot;,&quot;camera&quot;:&quot;ILCE-9M2&quot;,&quot;caption&quot;:&quot;Pirates second baseman Tucupita Marcano gets Tigers infielder Willi Castro out on a double play in the eighth inning, Wednesday, June 8, 2022, at PNC Park. (Matt Freed\\\/Post-Gazette)&quot;,&quot;created_timestamp&quot;:&quot;1654714288&quot;,&quot;copyright&quot;:&quot;&quot;,&quot;focal_length&quot;:&quot;400&quot;,&quot;iso&quot;:&quot;800&quot;,&quot;shutter_speed&quot;:&quot;0.0005&quot;,&quot;title&quot;:&quot;&quot;,&quot;orientation&quot;:&quot;1&quot;}\" data-image-title=\"20220608mfpiratessports07\" data-image-description=\"\" data-image-caption=\"&lt;p&gt;Pirates second baseman Tucupita Marcano gets Tigers infielder Willi Castro out on a double play in the eighth inning, Wednesday, June 8, 2022, at PNC Park. (Matt Freed\/Post-Gazette)&lt;\/p&gt;\n\" data-medium-file=\"https:\/\/i0.wp.com\/newsinteractive.post-gazette.com\/photos\/wp-content\/uploads\/sites\/5\/2022\/06\/20220608mfpiratessports07-scaled.jpg?fit=300%2C265&amp;ssl=1\" data-large-file=\"https:\/\/i0.wp.com\/newsinteractive.post-gazette.com\/photos\/wp-content\/uploads\/sites\/5\/2022\/06\/20220608mfpiratessports07-scaled.jpg?fit=848%2C749&amp;ssl=1\" class=\"size-full wp-image-30192\" src=\"https:\/\/i0.wp.com\/newsinteractive.post-gazette.com\/photos\/wp-content\/uploads\/sites\/5\/2022\/06\/20220608mfpiratessports07-scaled.jpg?resize=848%2C749&#038;ssl=1\" alt=\"\" width=\"848\" height=\"749\" srcset=\"https:\/\/i0.wp.com\/newsinteractive.post-gazette.com\/photos\/wp-content\/uploads\/sites\/5\/2022\/06\/20220608mfpiratessports07-scaled.jpg?w=2560&amp;ssl=1 2560w, https:\/\/i0.wp.com\/newsinteractive.post-gazette.com\/photos\/wp-content\/uploads\/sites\/5\/2022\/06\/20220608mfpiratessports07-scaled.jpg?resize=300%2C265&amp;ssl=1 300w, https:\/\/i0.wp.com\/newsinteractive.post-gazette.com\/photos\/wp-content\/uploads\/sites\/5\/2022\/06\/20220608mfpiratessports07-scaled.jpg?resize=1024%2C905&amp;ssl=1 1024w, https:\/\/i0.wp.com\/newsinteractive.post-gazette.com\/photos\/wp-content\/uploads\/sites\/5\/2022\/06\/20220608mfpiratessports07-scaled.jpg?resize=289%2C255&amp;ssl=1 289w, https:\/\/i0.wp.com\/newsinteractive.post-gazette.com\/photos\/wp-content\/uploads\/sites\/5\/2022\/06\/20220608mfpiratessports07-scaled.jpg?resize=1536%2C1357&amp;ssl=1 1536w, https:\/\/i0.wp.com\/newsinteractive.post-gazette.com\/photos\/wp-content\/uploads\/sites\/5\/2022\/06\/20220608mfpiratessports07-scaled.jpg?resize=2048%2C1810&amp;ssl=1 2048w, https:\/\/i0.wp.com\/newsinteractive.post-gazette.com\/photos\/wp-content\/uploads\/sites\/5\/2022\/06\/20220608mfpiratessports07-scaled.jpg?w=1696&amp;ssl=1 1696w\" sizes=\"(max-width: 848px) 100vw, 848px\" data-recalc-dims=\"1\" \/><figcaption id=\"caption-attachment-30192\" class=\"wp-caption-text\">Pirates second baseman Tucupita Marcano gets Tigers infielder Willi Castro out on a double play in the eighth inning, Wednesday, June 8, 2022, at PNC Park. (Matt Freed\/Post-Gazette)<\/figcaption><\/figure>\n<figure id=\"attachment_30193\" aria-describedby=\"caption-attachment-30193\" style=\"width: 2560px\" class=\"wp-caption aligncenter\"><img loading=\"lazy\" decoding=\"async\" data-attachment-id=\"30193\" data-permalink=\"https:\/\/newsinteractive.post-gazette.com\/photos\/2022\/06\/06\/week-in-photos-june-5-11-2022\/20220608mfpiratessports09\/\" data-orig-file=\"https:\/\/i0.wp.com\/newsinteractive.post-gazette.com\/photos\/wp-content\/uploads\/sites\/5\/2022\/06\/20220608mfpiratessports09-scaled.jpg?fit=2560%2C1725&amp;ssl=1\" data-orig-size=\"2560,1725\" data-comments-opened=\"0\" data-image-meta=\"{&quot;aperture&quot;:&quot;5.6&quot;,&quot;credit&quot;:&quot;Matt Freed\\\/Post-Gazette&quot;,&quot;camera&quot;:&quot;ILCE-9M2&quot;,&quot;caption&quot;:&quot;Tigers third baseman Harold Castro congratulates catcher Eric Haase as he scores against the Pirates in the ninth inning, Wednesday, June 8, 2022, at PNC Park. (Matt Freed\\\/Post-Gazette)&quot;,&quot;created_timestamp&quot;:&quot;1654715367&quot;,&quot;copyright&quot;:&quot;&quot;,&quot;focal_length&quot;:&quot;132&quot;,&quot;iso&quot;:&quot;640&quot;,&quot;shutter_speed&quot;:&quot;0.0003125&quot;,&quot;title&quot;:&quot;&quot;,&quot;orientation&quot;:&quot;1&quot;}\" data-image-title=\"20220608mfpiratessports09\" data-image-description=\"\" data-image-caption=\"&lt;p&gt;Tigers third baseman Harold Castro congratulates catcher Eric Haase as he scores against the Pirates in the ninth inning, Wednesday, June 8, 2022, at PNC Park. (Matt Freed\/Post-Gazette)&lt;\/p&gt;\n\" data-medium-file=\"https:\/\/i0.wp.com\/newsinteractive.post-gazette.com\/photos\/wp-content\/uploads\/sites\/5\/2022\/06\/20220608mfpiratessports09-scaled.jpg?fit=300%2C202&amp;ssl=1\" data-large-file=\"https:\/\/i0.wp.com\/newsinteractive.post-gazette.com\/photos\/wp-content\/uploads\/sites\/5\/2022\/06\/20220608mfpiratessports09-scaled.jpg?fit=848%2C571&amp;ssl=1\" class=\"size-full wp-image-30193\" src=\"https:\/\/i0.wp.com\/newsinteractive.post-gazette.com\/photos\/wp-content\/uploads\/sites\/5\/2022\/06\/20220608mfpiratessports09-scaled.jpg?resize=848%2C571&#038;ssl=1\" alt=\"\" width=\"848\" height=\"571\" srcset=\"https:\/\/i0.wp.com\/newsinteractive.post-gazette.com\/photos\/wp-content\/uploads\/sites\/5\/2022\/06\/20220608mfpiratessports09-scaled.jpg?w=2560&amp;ssl=1 2560w, https:\/\/i0.wp.com\/newsinteractive.post-gazette.com\/photos\/wp-content\/uploads\/sites\/5\/2022\/06\/20220608mfpiratessports09-scaled.jpg?resize=300%2C202&amp;ssl=1 300w, https:\/\/i0.wp.com\/newsinteractive.post-gazette.com\/photos\/wp-content\/uploads\/sites\/5\/2022\/06\/20220608mfpiratessports09-scaled.jpg?resize=1024%2C690&amp;ssl=1 1024w, https:\/\/i0.wp.com\/newsinteractive.post-gazette.com\/photos\/wp-content\/uploads\/sites\/5\/2022\/06\/20220608mfpiratessports09-scaled.jpg?resize=378%2C255&amp;ssl=1 378w, https:\/\/i0.wp.com\/newsinteractive.post-gazette.com\/photos\/wp-content\/uploads\/sites\/5\/2022\/06\/20220608mfpiratessports09-scaled.jpg?resize=1536%2C1035&amp;ssl=1 1536w, https:\/\/i0.wp.com\/newsinteractive.post-gazette.com\/photos\/wp-content\/uploads\/sites\/5\/2022\/06\/20220608mfpiratessports09-scaled.jpg?resize=2048%2C1380&amp;ssl=1 2048w, https:\/\/i0.wp.com\/newsinteractive.post-gazette.com\/photos\/wp-content\/uploads\/sites\/5\/2022\/06\/20220608mfpiratessports09-scaled.jpg?w=1696&amp;ssl=1 1696w\" sizes=\"(max-width: 848px) 100vw, 848px\" data-recalc-dims=\"1\" \/><figcaption id=\"caption-attachment-30193\" class=\"wp-caption-text\">Tigers third baseman Harold Castro congratulates catcher Eric Haase as he scores against the Pirates in the ninth inning, Wednesday, June 8, 2022, at PNC Park. (Matt Freed\/Post-Gazette)<\/figcaption><\/figure>\n<figure id=\"attachment_30190\" aria-describedby=\"caption-attachment-30190\" style=\"width: 1643px\" class=\"wp-caption aligncenter\"><img loading=\"lazy\" decoding=\"async\" data-attachment-id=\"30190\" data-permalink=\"https:\/\/newsinteractive.post-gazette.com\/photos\/2022\/06\/06\/week-in-photos-june-5-11-2022\/20220608ac-movie01\/\" data-orig-file=\"https:\/\/i0.wp.com\/newsinteractive.post-gazette.com\/photos\/wp-content\/uploads\/sites\/5\/2022\/06\/20220608AC-movie01.jpg?fit=1643%2C1093&amp;ssl=1\" data-orig-size=\"1643,1093\" data-comments-opened=\"0\" data-image-meta=\"{&quot;aperture&quot;:&quot;5&quot;,&quot;credit&quot;:&quot;Alicia Chiang\\\/Pittsburgh Post-Ga&quot;,&quot;camera&quot;:&quot;NIKON D4S&quot;,&quot;caption&quot;:&quot;Logan Ohara, 22, of Brookline, fromCity of Pittsburgh Office of Special Events waits to see if the weather is good to start playing pop-up movie at West End Overlook iin Pittsburgh, Pa., on Wednesday night , June 8, 2022. (Alicia Chiang\\\/Pittsburgh Post-Gazette via AP)&quot;,&quot;created_timestamp&quot;:&quot;1654718654&quot;,&quot;copyright&quot;:&quot;Pittsburgh Post-Gazette&quot;,&quot;focal_length&quot;:&quot;28&quot;,&quot;iso&quot;:&quot;1600&quot;,&quot;shutter_speed&quot;:&quot;0.004&quot;,&quot;title&quot;:&quot;&quot;,&quot;orientation&quot;:&quot;1&quot;}\" data-image-title=\"20220608AC movie01\" data-image-description=\"\" data-image-caption=\"&lt;p&gt;Logan Ohara, 22, of Brookline, fromCity of Pittsburgh Office of Special Events waits to see if the weather is good to start playing pop-up movie at West End Overlook iin Pittsburgh, Pa., on Wednesday night , June 8, 2022. (Alicia Chiang\/Pittsburgh Post-Gazette via AP)&lt;\/p&gt;\n\" data-medium-file=\"https:\/\/i0.wp.com\/newsinteractive.post-gazette.com\/photos\/wp-content\/uploads\/sites\/5\/2022\/06\/20220608AC-movie01.jpg?fit=300%2C200&amp;ssl=1\" data-large-file=\"https:\/\/i0.wp.com\/newsinteractive.post-gazette.com\/photos\/wp-content\/uploads\/sites\/5\/2022\/06\/20220608AC-movie01.jpg?fit=848%2C564&amp;ssl=1\" class=\"size-full wp-image-30190\" src=\"https:\/\/i0.wp.com\/newsinteractive.post-gazette.com\/photos\/wp-content\/uploads\/sites\/5\/2022\/06\/20220608AC-movie01.jpg?resize=848%2C564&#038;ssl=1\" alt=\"\" width=\"848\" height=\"564\" srcset=\"https:\/\/i0.wp.com\/newsinteractive.post-gazette.com\/photos\/wp-content\/uploads\/sites\/5\/2022\/06\/20220608AC-movie01.jpg?w=1643&amp;ssl=1 1643w, https:\/\/i0.wp.com\/newsinteractive.post-gazette.com\/photos\/wp-content\/uploads\/sites\/5\/2022\/06\/20220608AC-movie01.jpg?resize=300%2C200&amp;ssl=1 300w, https:\/\/i0.wp.com\/newsinteractive.post-gazette.com\/photos\/wp-content\/uploads\/sites\/5\/2022\/06\/20220608AC-movie01.jpg?resize=1024%2C681&amp;ssl=1 1024w, https:\/\/i0.wp.com\/newsinteractive.post-gazette.com\/photos\/wp-content\/uploads\/sites\/5\/2022\/06\/20220608AC-movie01.jpg?resize=383%2C255&amp;ssl=1 383w, https:\/\/i0.wp.com\/newsinteractive.post-gazette.com\/photos\/wp-content\/uploads\/sites\/5\/2022\/06\/20220608AC-movie01.jpg?resize=1536%2C1022&amp;ssl=1 1536w\" sizes=\"(max-width: 848px) 100vw, 848px\" data-recalc-dims=\"1\" \/><figcaption id=\"caption-attachment-30190\" class=\"wp-caption-text\">Logan Ohara, 22, of Brookline, from city of the Pittsburgh Office of Special Events, waits to see if the weather is good to start playing a pop-up movie at West End Overlook in Pittsburgh, Pa., on Wednesday night, June 8, 2022. (Alicia Chiang\/Pittsburgh Post-Gazette via AP)<\/figcaption><\/figure>\n<figure id=\"attachment_30154\" aria-describedby=\"caption-attachment-30154\" style=\"width: 2560px\" class=\"wp-caption aligncenter\"><img loading=\"lazy\" decoding=\"async\" data-attachment-id=\"30154\" data-permalink=\"https:\/\/newsinteractive.post-gazette.com\/photos\/2022\/06\/06\/week-in-photos-june-5-11-2022\/patients-and-visitors-celebrated-the-opening-of-green-mountain-energy-sun-club-edible-garden-and-mindfulness-path-the-hospitals-largest-outdoor-pedestrian-space-located-on-the-third-floor-te\/\" data-orig-file=\"https:\/\/i0.wp.com\/newsinteractive.post-gazette.com\/photos\/wp-content\/uploads\/sites\/5\/2022\/06\/20220608_ASChildrensGardenOpening_185-scaled.jpg?fit=2560%2C1703&amp;ssl=1\" data-orig-size=\"2560,1703\" data-comments-opened=\"0\" data-image-meta=\"{&quot;aperture&quot;:&quot;2.8&quot;,&quot;credit&quot;:&quot;Ariana Shchuka\\\/Post-Gazette&quot;,&quot;camera&quot;:&quot;NIKON D3S&quot;,&quot;caption&quot;:&quot;Jessica Lampert, Educational Liaison at UPMC Hearing Center, helps Colton Kennedy, 5, a patient at UPMC Children\\u2019s Hearing Center, and his sister Addison, 7, plant flowers in the Green Mountain Energy Sun Club Edible Garden and Mindfulness Path on Wednesday June 8, 2022, at UPMC Children&#039;s Hospital of Pittsburgh. Elena Kessler, back, helped design and open the hospital\\u2019s now largest outdoor pedestrian space located on the third-floor terrace. (Ariana Shchuka\\\/Post-Gazette)&quot;,&quot;created_timestamp&quot;:&quot;1230768277&quot;,&quot;copyright&quot;:&quot;Pittsburgh Post-Gazette&quot;,&quot;focal_length&quot;:&quot;31&quot;,&quot;iso&quot;:&quot;200&quot;,&quot;shutter_speed&quot;:&quot;0.0005&quot;,&quot;title&quot;:&quot;Patients and visitors celebrated the opening of Green Mountain Energy Sun Club Edible Garden and Mindfulness Path, the hospital\\u2019s largest outdoor pedestrian space located on the third-floor terrace.&quot;,&quot;orientation&quot;:&quot;0&quot;}\" data-image-title=\"Patients and visitors celebrated the opening of Green Mountain Energy Sun Club Edible Garden and Mindfulness Path, the hospital\u2019s largest outdoor pedestrian space located on the third-floor terrace.\" data-image-description=\"\" data-image-caption=\"&lt;p&gt;Jessica Lampert, Educational Liaison at UPMC Hearing Center, helps Colton Kennedy, 5, a patient at UPMC Children\u2019s Hearing Center, and his sister Addison, 7, plant flowers in the Green Mountain Energy Sun Club Edible Garden and Mindfulness Path on Wednesday June 8, 2022, at UPMC Children&#8217;s Hospital of Pittsburgh. Elena Kessler, back, helped design and open the hospital\u2019s now largest outdoor pedestrian space located on the third-floor terrace. (Ariana Shchuka\/Post-Gazette)&lt;\/p&gt;\n\" data-medium-file=\"https:\/\/i0.wp.com\/newsinteractive.post-gazette.com\/photos\/wp-content\/uploads\/sites\/5\/2022\/06\/20220608_ASChildrensGardenOpening_185-scaled.jpg?fit=300%2C200&amp;ssl=1\" data-large-file=\"https:\/\/i0.wp.com\/newsinteractive.post-gazette.com\/photos\/wp-content\/uploads\/sites\/5\/2022\/06\/20220608_ASChildrensGardenOpening_185-scaled.jpg?fit=848%2C564&amp;ssl=1\" class=\"size-full wp-image-30154\" src=\"https:\/\/i0.wp.com\/newsinteractive.post-gazette.com\/photos\/wp-content\/uploads\/sites\/5\/2022\/06\/20220608_ASChildrensGardenOpening_185-scaled.jpg?resize=848%2C564&#038;ssl=1\" alt=\"\" width=\"848\" height=\"564\" srcset=\"https:\/\/i0.wp.com\/newsinteractive.post-gazette.com\/photos\/wp-content\/uploads\/sites\/5\/2022\/06\/20220608_ASChildrensGardenOpening_185-scaled.jpg?w=2560&amp;ssl=1 2560w, https:\/\/i0.wp.com\/newsinteractive.post-gazette.com\/photos\/wp-content\/uploads\/sites\/5\/2022\/06\/20220608_ASChildrensGardenOpening_185-scaled.jpg?resize=300%2C200&amp;ssl=1 300w, https:\/\/i0.wp.com\/newsinteractive.post-gazette.com\/photos\/wp-content\/uploads\/sites\/5\/2022\/06\/20220608_ASChildrensGardenOpening_185-scaled.jpg?resize=1024%2C681&amp;ssl=1 1024w, https:\/\/i0.wp.com\/newsinteractive.post-gazette.com\/photos\/wp-content\/uploads\/sites\/5\/2022\/06\/20220608_ASChildrensGardenOpening_185-scaled.jpg?resize=383%2C255&amp;ssl=1 383w, https:\/\/i0.wp.com\/newsinteractive.post-gazette.com\/photos\/wp-content\/uploads\/sites\/5\/2022\/06\/20220608_ASChildrensGardenOpening_185-scaled.jpg?resize=1536%2C1022&amp;ssl=1 1536w, https:\/\/i0.wp.com\/newsinteractive.post-gazette.com\/photos\/wp-content\/uploads\/sites\/5\/2022\/06\/20220608_ASChildrensGardenOpening_185-scaled.jpg?resize=2048%2C1363&amp;ssl=1 2048w, https:\/\/i0.wp.com\/newsinteractive.post-gazette.com\/photos\/wp-content\/uploads\/sites\/5\/2022\/06\/20220608_ASChildrensGardenOpening_185-scaled.jpg?w=1696&amp;ssl=1 1696w\" sizes=\"(max-width: 848px) 100vw, 848px\" data-recalc-dims=\"1\" \/><figcaption id=\"caption-attachment-30154\" class=\"wp-caption-text\">Jessica Lampert, Educational Liaison at UPMC Hearing Center, helps Colton Kennedy, 5, a patient at UPMC Children\u2019s Hearing Center, and his sister Addison, 7, plant flowers in the Green Mountain Energy Sun Club Edible Garden and Mindfulness Path on Wednesday, June 8, 2022, at UPMC Children&#8217;s Hospital of Pittsburgh. Elena Kessler, back, helped design and open the hospital\u2019s now largest outdoor pedestrian space located on the third-floor terrace. (Ariana Shchuka\/Post-Gazette)<\/figcaption><\/figure>\n<figure id=\"attachment_30155\" aria-describedby=\"caption-attachment-30155\" style=\"width: 2560px\" class=\"wp-caption aligncenter\"><img loading=\"lazy\" decoding=\"async\" data-attachment-id=\"30155\" data-permalink=\"https:\/\/newsinteractive.post-gazette.com\/photos\/2022\/06\/06\/week-in-photos-june-5-11-2022\/patients-and-visitors-celebrated-the-opening-of-green-mountain-energy-sun-club-edible-garden-and-mindfulness-path-the-hospitals-largest-outdoor-pedestrian-space-located-on-the-third-floor-te-2\/\" data-orig-file=\"https:\/\/i0.wp.com\/newsinteractive.post-gazette.com\/photos\/wp-content\/uploads\/sites\/5\/2022\/06\/20220608_ASChildrensGardenOpening_204-scaled.jpg?fit=2560%2C1703&amp;ssl=1\" data-orig-size=\"2560,1703\" data-comments-opened=\"0\" data-image-meta=\"{&quot;aperture&quot;:&quot;2.8&quot;,&quot;credit&quot;:&quot;Ariana Shchuka\\\/Post-Gazette&quot;,&quot;camera&quot;:&quot;NIKON D3S&quot;,&quot;caption&quot;:&quot;Addison Kennedy, 7, plants a flower on Wednesday June 8, 2022, at UPMC Children&#039;s Hospital of Pittsburgh. Her brother is a patient at UPMC\\u2019s Hearing Center. Patients and visitors celebrated the opening of Green Mountain Energy Sun Club Edible Garden and Mindfulness Path, the hospital\\u2019s largest outdoor pedestrian space located on the third-floor terrace. (Ariana Shchuka\\\/Post-Gazette)&quot;,&quot;created_timestamp&quot;:&quot;1230768341&quot;,&quot;copyright&quot;:&quot;Pittsburgh Post-Gazette&quot;,&quot;focal_length&quot;:&quot;70&quot;,&quot;iso&quot;:&quot;200&quot;,&quot;shutter_speed&quot;:&quot;0.0005&quot;,&quot;title&quot;:&quot;Patients and visitors celebrated the opening of Green Mountain Energy Sun Club Edible Garden and Mindfulness Path, the hospital\\u2019s largest outdoor pedestrian space located on the third-floor terrace.&quot;,&quot;orientation&quot;:&quot;0&quot;}\" data-image-title=\"Patients and visitors celebrated the opening of Green Mountain Energy Sun Club Edible Garden and Mindfulness Path, the hospital\u2019s largest outdoor pedestrian space located on the third-floor terrace.\" data-image-description=\"\" data-image-caption=\"&lt;p&gt;Addison Kennedy, 7, plants a flower on Wednesday June 8, 2022, at UPMC Children&#8217;s Hospital of Pittsburgh. Her brother is a patient at UPMC\u2019s Hearing Center. Patients and visitors celebrated the opening of Green Mountain Energy Sun Club Edible Garden and Mindfulness Path, the hospital\u2019s largest outdoor pedestrian space located on the third-floor terrace. (Ariana Shchuka\/Post-Gazette)&lt;\/p&gt;\n\" data-medium-file=\"https:\/\/i0.wp.com\/newsinteractive.post-gazette.com\/photos\/wp-content\/uploads\/sites\/5\/2022\/06\/20220608_ASChildrensGardenOpening_204-scaled.jpg?fit=300%2C200&amp;ssl=1\" data-large-file=\"https:\/\/i0.wp.com\/newsinteractive.post-gazette.com\/photos\/wp-content\/uploads\/sites\/5\/2022\/06\/20220608_ASChildrensGardenOpening_204-scaled.jpg?fit=848%2C564&amp;ssl=1\" class=\"size-full wp-image-30155\" src=\"https:\/\/i0.wp.com\/newsinteractive.post-gazette.com\/photos\/wp-content\/uploads\/sites\/5\/2022\/06\/20220608_ASChildrensGardenOpening_204-scaled.jpg?resize=848%2C564&#038;ssl=1\" alt=\"\" width=\"848\" height=\"564\" srcset=\"https:\/\/i0.wp.com\/newsinteractive.post-gazette.com\/photos\/wp-content\/uploads\/sites\/5\/2022\/06\/20220608_ASChildrensGardenOpening_204-scaled.jpg?w=2560&amp;ssl=1 2560w, https:\/\/i0.wp.com\/newsinteractive.post-gazette.com\/photos\/wp-content\/uploads\/sites\/5\/2022\/06\/20220608_ASChildrensGardenOpening_204-scaled.jpg?resize=300%2C200&amp;ssl=1 300w, https:\/\/i0.wp.com\/newsinteractive.post-gazette.com\/photos\/wp-content\/uploads\/sites\/5\/2022\/06\/20220608_ASChildrensGardenOpening_204-scaled.jpg?resize=1024%2C681&amp;ssl=1 1024w, https:\/\/i0.wp.com\/newsinteractive.post-gazette.com\/photos\/wp-content\/uploads\/sites\/5\/2022\/06\/20220608_ASChildrensGardenOpening_204-scaled.jpg?resize=383%2C255&amp;ssl=1 383w, https:\/\/i0.wp.com\/newsinteractive.post-gazette.com\/photos\/wp-content\/uploads\/sites\/5\/2022\/06\/20220608_ASChildrensGardenOpening_204-scaled.jpg?resize=1536%2C1022&amp;ssl=1 1536w, https:\/\/i0.wp.com\/newsinteractive.post-gazette.com\/photos\/wp-content\/uploads\/sites\/5\/2022\/06\/20220608_ASChildrensGardenOpening_204-scaled.jpg?resize=2048%2C1363&amp;ssl=1 2048w, https:\/\/i0.wp.com\/newsinteractive.post-gazette.com\/photos\/wp-content\/uploads\/sites\/5\/2022\/06\/20220608_ASChildrensGardenOpening_204-scaled.jpg?w=1696&amp;ssl=1 1696w\" sizes=\"(max-width: 848px) 100vw, 848px\" data-recalc-dims=\"1\" \/><figcaption id=\"caption-attachment-30155\" class=\"wp-caption-text\">Addison Kennedy, 7, plants a flower on Wednesday June 8, 2022, at UPMC Children&#8217;s Hospital of Pittsburgh. Her brother is a patient at UPMC\u2019s Hearing Center. Patients and visitors celebrated the opening of Green Mountain Energy Sun Club Edible Garden and Mindfulness Path, the hospital\u2019s largest outdoor pedestrian space located on the third-floor terrace. (Ariana Shchuka\/Post-Gazette)<\/figcaption><\/figure>\n<figure id=\"attachment_30156\" aria-describedby=\"caption-attachment-30156\" style=\"width: 2000px\" class=\"wp-caption aligncenter\"><img loading=\"lazy\" decoding=\"async\" data-attachment-id=\"30156\" data-permalink=\"https:\/\/newsinteractive.post-gazette.com\/photos\/2022\/06\/06\/week-in-photos-june-5-11-2022\/20220608mnstandalone06\/\" data-orig-file=\"https:\/\/i0.wp.com\/newsinteractive.post-gazette.com\/photos\/wp-content\/uploads\/sites\/5\/2022\/06\/20220608MNStandAlone06.jpg?fit=2000%2C1333&amp;ssl=1\" data-orig-size=\"2000,1333\" data-comments-opened=\"0\" data-image-meta=\"{&quot;aperture&quot;:&quot;18&quot;,&quot;credit&quot;:&quot;Arturo Fernandez\\\/Post-Gazette&quot;,&quot;camera&quot;:&quot;NIKON D850&quot;,&quot;caption&quot;:&quot;Robin Kamin and other members of the Garden Club of Allegheny weed the front garden of Point State Park to plant Nodding Onions on July 8, 2022. (Mattie Neretin\\\/Post-Gazette)&quot;,&quot;created_timestamp&quot;:&quot;1654693132&quot;,&quot;copyright&quot;:&quot;Arturo Fernandez\\\/Post\\\/Gazette&quot;,&quot;focal_length&quot;:&quot;28&quot;,&quot;iso&quot;:&quot;400&quot;,&quot;shutter_speed&quot;:&quot;0.00625&quot;,&quot;title&quot;:&quot;&quot;,&quot;orientation&quot;:&quot;0&quot;}\" data-image-title=\"20220608MNStandAlone06\" data-image-description=\"\" data-image-caption=\"&lt;p&gt;Robin Kamin and other members of the Garden Club of Allegheny weed the front garden of Point State Park to plant Nodding Onions on July 8, 2022. (Mattie Neretin\/Post-Gazette)&lt;\/p&gt;\n\" data-medium-file=\"https:\/\/i0.wp.com\/newsinteractive.post-gazette.com\/photos\/wp-content\/uploads\/sites\/5\/2022\/06\/20220608MNStandAlone06.jpg?fit=300%2C200&amp;ssl=1\" data-large-file=\"https:\/\/i0.wp.com\/newsinteractive.post-gazette.com\/photos\/wp-content\/uploads\/sites\/5\/2022\/06\/20220608MNStandAlone06.jpg?fit=848%2C565&amp;ssl=1\" class=\"size-full wp-image-30156\" src=\"https:\/\/i0.wp.com\/newsinteractive.post-gazette.com\/photos\/wp-content\/uploads\/sites\/5\/2022\/06\/20220608MNStandAlone06.jpg?resize=848%2C565&#038;ssl=1\" alt=\"\" width=\"848\" height=\"565\" srcset=\"https:\/\/i0.wp.com\/newsinteractive.post-gazette.com\/photos\/wp-content\/uploads\/sites\/5\/2022\/06\/20220608MNStandAlone06.jpg?w=2000&amp;ssl=1 2000w, https:\/\/i0.wp.com\/newsinteractive.post-gazette.com\/photos\/wp-content\/uploads\/sites\/5\/2022\/06\/20220608MNStandAlone06.jpg?resize=300%2C200&amp;ssl=1 300w, https:\/\/i0.wp.com\/newsinteractive.post-gazette.com\/photos\/wp-content\/uploads\/sites\/5\/2022\/06\/20220608MNStandAlone06.jpg?resize=1024%2C682&amp;ssl=1 1024w, https:\/\/i0.wp.com\/newsinteractive.post-gazette.com\/photos\/wp-content\/uploads\/sites\/5\/2022\/06\/20220608MNStandAlone06.jpg?resize=383%2C255&amp;ssl=1 383w, https:\/\/i0.wp.com\/newsinteractive.post-gazette.com\/photos\/wp-content\/uploads\/sites\/5\/2022\/06\/20220608MNStandAlone06.jpg?resize=1536%2C1024&amp;ssl=1 1536w, https:\/\/i0.wp.com\/newsinteractive.post-gazette.com\/photos\/wp-content\/uploads\/sites\/5\/2022\/06\/20220608MNStandAlone06.jpg?w=1696&amp;ssl=1 1696w\" sizes=\"(max-width: 848px) 100vw, 848px\" data-recalc-dims=\"1\" \/><figcaption id=\"caption-attachment-30156\" class=\"wp-caption-text\">Robin Kamin and other members of the Garden Club of Allegheny weed the front garden of Point State Park to plant Nodding Onions on July 8, 2022. (Mattie Neretin\/Post-Gazette)<\/figcaption><\/figure>\n<figure id=\"attachment_30157\" aria-describedby=\"caption-attachment-30157\" style=\"width: 2560px\" class=\"wp-caption aligncenter\"><img loading=\"lazy\" decoding=\"async\" data-attachment-id=\"30157\" data-permalink=\"https:\/\/newsinteractive.post-gazette.com\/photos\/2022\/06\/06\/week-in-photos-june-5-11-2022\/20220608mtbridgevillei7908\/\" data-orig-file=\"https:\/\/i0.wp.com\/newsinteractive.post-gazette.com\/photos\/wp-content\/uploads\/sites\/5\/2022\/06\/20220608mtBridgevilleI7908-scaled.jpg?fit=2560%2C1706&amp;ssl=1\" data-orig-size=\"2560,1706\" data-comments-opened=\"0\" data-image-meta=\"{&quot;aperture&quot;:&quot;6.3&quot;,&quot;credit&quot;:&quot;Morgan Timms\\\/Pittsburgh Post-Gazette&quot;,&quot;camera&quot;:&quot;NIKON D850&quot;,&quot;caption&quot;:&quot;Facing north, the northbound and southbound I-79 bridges are seen over State Route 50 Wednesday, June 8, 2022, in Bridgeville. The dual bridges are being evaluated as candidates for bridge tolling. (Morgan Timms\\\/Post-Gazette)&quot;,&quot;created_timestamp&quot;:&quot;1654710845&quot;,&quot;copyright&quot;:&quot;Pittsburgh Post-Gazette&quot;,&quot;focal_length&quot;:&quot;32&quot;,&quot;iso&quot;:&quot;31&quot;,&quot;shutter_speed&quot;:&quot;0.0025&quot;,&quot;title&quot;:&quot;&quot;,&quot;orientation&quot;:&quot;1&quot;}\" data-image-title=\"20220608mtBridgevilleI7908\" data-image-description=\"\" data-image-caption=\"&lt;p&gt;Facing north, the northbound and southbound I-79 bridges are seen over State Route 50 Wednesday, June 8, 2022, in Bridgeville. The dual bridges are being evaluated as candidates for bridge tolling. (Morgan Timms\/Post-Gazette)&lt;\/p&gt;\n\" data-medium-file=\"https:\/\/i0.wp.com\/newsinteractive.post-gazette.com\/photos\/wp-content\/uploads\/sites\/5\/2022\/06\/20220608mtBridgevilleI7908-scaled.jpg?fit=300%2C200&amp;ssl=1\" data-large-file=\"https:\/\/i0.wp.com\/newsinteractive.post-gazette.com\/photos\/wp-content\/uploads\/sites\/5\/2022\/06\/20220608mtBridgevilleI7908-scaled.jpg?fit=848%2C566&amp;ssl=1\" class=\"size-full wp-image-30157\" src=\"https:\/\/i0.wp.com\/newsinteractive.post-gazette.com\/photos\/wp-content\/uploads\/sites\/5\/2022\/06\/20220608mtBridgevilleI7908-scaled.jpg?resize=848%2C565&#038;ssl=1\" alt=\"\" width=\"848\" height=\"565\" srcset=\"https:\/\/i0.wp.com\/newsinteractive.post-gazette.com\/photos\/wp-content\/uploads\/sites\/5\/2022\/06\/20220608mtBridgevilleI7908-scaled.jpg?w=2560&amp;ssl=1 2560w, https:\/\/i0.wp.com\/newsinteractive.post-gazette.com\/photos\/wp-content\/uploads\/sites\/5\/2022\/06\/20220608mtBridgevilleI7908-scaled.jpg?resize=300%2C200&amp;ssl=1 300w, https:\/\/i0.wp.com\/newsinteractive.post-gazette.com\/photos\/wp-content\/uploads\/sites\/5\/2022\/06\/20220608mtBridgevilleI7908-scaled.jpg?resize=1024%2C683&amp;ssl=1 1024w, https:\/\/i0.wp.com\/newsinteractive.post-gazette.com\/photos\/wp-content\/uploads\/sites\/5\/2022\/06\/20220608mtBridgevilleI7908-scaled.jpg?resize=383%2C255&amp;ssl=1 383w, https:\/\/i0.wp.com\/newsinteractive.post-gazette.com\/photos\/wp-content\/uploads\/sites\/5\/2022\/06\/20220608mtBridgevilleI7908-scaled.jpg?resize=1536%2C1024&amp;ssl=1 1536w, https:\/\/i0.wp.com\/newsinteractive.post-gazette.com\/photos\/wp-content\/uploads\/sites\/5\/2022\/06\/20220608mtBridgevilleI7908-scaled.jpg?resize=2048%2C1365&amp;ssl=1 2048w, https:\/\/i0.wp.com\/newsinteractive.post-gazette.com\/photos\/wp-content\/uploads\/sites\/5\/2022\/06\/20220608mtBridgevilleI7908-scaled.jpg?w=1696&amp;ssl=1 1696w\" sizes=\"(max-width: 848px) 100vw, 848px\" data-recalc-dims=\"1\" \/><figcaption id=\"caption-attachment-30157\" class=\"wp-caption-text\">Facing north, the northbound and southbound I-79 bridges are seen over State Route 50 Wednesday, June 8, 2022, in Bridgeville. The dual bridges are being evaluated as candidates for bridge tolling. (Morgan Timms\/Post-Gazette)<\/figcaption><\/figure>\n<figure id=\"attachment_30158\" aria-describedby=\"caption-attachment-30158\" style=\"width: 2560px\" class=\"wp-caption aligncenter\"><img loading=\"lazy\" decoding=\"async\" data-attachment-id=\"30158\" data-permalink=\"https:\/\/newsinteractive.post-gazette.com\/photos\/2022\/06\/06\/week-in-photos-june-5-11-2022\/20220608mtriverscasino01\/\" data-orig-file=\"https:\/\/i0.wp.com\/newsinteractive.post-gazette.com\/photos\/wp-content\/uploads\/sites\/5\/2022\/06\/20220608mtRiversCasino01-scaled.jpg?fit=2560%2C1494&amp;ssl=1\" data-orig-size=\"2560,1494\" data-comments-opened=\"0\" data-image-meta=\"{&quot;aperture&quot;:&quot;8&quot;,&quot;credit&quot;:&quot;Morgan Timms\\\/Pittsburgh Post-Gazette&quot;,&quot;camera&quot;:&quot;L1D-20c&quot;,&quot;caption&quot;:&quot;Rivers Casino is seen Wednesday, June 8, 2022. The biggest poker jackpot in U.S. history might be won there. (Morgan Timms\\\/Post-Gazette)&quot;,&quot;created_timestamp&quot;:&quot;1654703202&quot;,&quot;copyright&quot;:&quot;Pittsburgh Post-Gazette&quot;,&quot;focal_length&quot;:&quot;10.26&quot;,&quot;iso&quot;:&quot;400&quot;,&quot;shutter_speed&quot;:&quot;0.0005&quot;,&quot;title&quot;:&quot;&quot;,&quot;orientation&quot;:&quot;0&quot;}\" data-image-title=\"20220608mtRiversCasino01\" data-image-description=\"\" data-image-caption=\"&lt;p&gt;Rivers Casino is seen Wednesday, June 8, 2022. The biggest poker jackpot in U.S. history might be won there. (Morgan Timms\/Post-Gazette)&lt;\/p&gt;\n\" data-medium-file=\"https:\/\/i0.wp.com\/newsinteractive.post-gazette.com\/photos\/wp-content\/uploads\/sites\/5\/2022\/06\/20220608mtRiversCasino01-scaled.jpg?fit=300%2C175&amp;ssl=1\" data-large-file=\"https:\/\/i0.wp.com\/newsinteractive.post-gazette.com\/photos\/wp-content\/uploads\/sites\/5\/2022\/06\/20220608mtRiversCasino01-scaled.jpg?fit=848%2C494&amp;ssl=1\" class=\"size-full wp-image-30158\" src=\"https:\/\/i0.wp.com\/newsinteractive.post-gazette.com\/photos\/wp-content\/uploads\/sites\/5\/2022\/06\/20220608mtRiversCasino01-scaled.jpg?resize=848%2C495&#038;ssl=1\" alt=\"\" width=\"848\" height=\"495\" srcset=\"https:\/\/i0.wp.com\/newsinteractive.post-gazette.com\/photos\/wp-content\/uploads\/sites\/5\/2022\/06\/20220608mtRiversCasino01-scaled.jpg?w=2560&amp;ssl=1 2560w, https:\/\/i0.wp.com\/newsinteractive.post-gazette.com\/photos\/wp-content\/uploads\/sites\/5\/2022\/06\/20220608mtRiversCasino01-scaled.jpg?resize=300%2C175&amp;ssl=1 300w, https:\/\/i0.wp.com\/newsinteractive.post-gazette.com\/photos\/wp-content\/uploads\/sites\/5\/2022\/06\/20220608mtRiversCasino01-scaled.jpg?resize=1024%2C597&amp;ssl=1 1024w, https:\/\/i0.wp.com\/newsinteractive.post-gazette.com\/photos\/wp-content\/uploads\/sites\/5\/2022\/06\/20220608mtRiversCasino01-scaled.jpg?resize=437%2C255&amp;ssl=1 437w, https:\/\/i0.wp.com\/newsinteractive.post-gazette.com\/photos\/wp-content\/uploads\/sites\/5\/2022\/06\/20220608mtRiversCasino01-scaled.jpg?resize=1536%2C896&amp;ssl=1 1536w, https:\/\/i0.wp.com\/newsinteractive.post-gazette.com\/photos\/wp-content\/uploads\/sites\/5\/2022\/06\/20220608mtRiversCasino01-scaled.jpg?resize=2048%2C1195&amp;ssl=1 2048w, https:\/\/i0.wp.com\/newsinteractive.post-gazette.com\/photos\/wp-content\/uploads\/sites\/5\/2022\/06\/20220608mtRiversCasino01-scaled.jpg?w=1696&amp;ssl=1 1696w\" sizes=\"(max-width: 848px) 100vw, 848px\" data-recalc-dims=\"1\" \/><figcaption id=\"caption-attachment-30158\" class=\"wp-caption-text\">Rivers Casino is seen Wednesday, June 8, 2022. The biggest poker jackpot in U.S. history might be won there. (Morgan Timms\/Post-Gazette)<\/figcaption><\/figure>\n<figure id=\"attachment_30159\" aria-describedby=\"caption-attachment-30159\" style=\"width: 2560px\" class=\"wp-caption aligncenter\"><img loading=\"lazy\" decoding=\"async\" data-attachment-id=\"30159\" data-permalink=\"https:\/\/newsinteractive.post-gazette.com\/photos\/2022\/06\/06\/week-in-photos-june-5-11-2022\/20220608ng_glenwoodexit05\/\" data-orig-file=\"https:\/\/i0.wp.com\/newsinteractive.post-gazette.com\/photos\/wp-content\/uploads\/sites\/5\/2022\/06\/20220608ng_GlenwoodExit05-scaled.jpg?fit=2560%2C1769&amp;ssl=1\" data-orig-size=\"2560,1769\" data-comments-opened=\"0\" data-image-meta=\"{&quot;aperture&quot;:&quot;18&quot;,&quot;credit&quot;:&quot;Post-Gazette&quot;,&quot;camera&quot;:&quot;NIKON D5&quot;,&quot;caption&quot;:&quot;PLEASE WITHHOLD MY BYLINE\\\/CREDIT.) For Local. A view of the Glenwood\\\/Route 885 exit ramp as vehicles travel  inbound on the Parkway East  Wednesday, June 8, 2022, in Oakland. (Nate Guidry\\\/Post-Gazette)&quot;,&quot;created_timestamp&quot;:&quot;1654705842&quot;,&quot;copyright&quot;:&quot;&quot;,&quot;focal_length&quot;:&quot;14&quot;,&quot;iso&quot;:&quot;125&quot;,&quot;shutter_speed&quot;:&quot;0.016666666666667&quot;,&quot;title&quot;:&quot;&quot;,&quot;orientation&quot;:&quot;1&quot;}\" data-image-title=\"20220608ng_GlenwoodExit05\" data-image-description=\"\" data-image-caption=\"&lt;p&gt;PLEASE WITHHOLD MY BYLINE\/CREDIT.) For Local. A view of the Glenwood\/Route 885 exit ramp as vehicles travel  inbound on the Parkway East  Wednesday, June 8, 2022, in Oakland. (Nate Guidry\/Post-Gazette)&lt;\/p&gt;\n\" data-medium-file=\"https:\/\/i0.wp.com\/newsinteractive.post-gazette.com\/photos\/wp-content\/uploads\/sites\/5\/2022\/06\/20220608ng_GlenwoodExit05-scaled.jpg?fit=300%2C207&amp;ssl=1\" data-large-file=\"https:\/\/i0.wp.com\/newsinteractive.post-gazette.com\/photos\/wp-content\/uploads\/sites\/5\/2022\/06\/20220608ng_GlenwoodExit05-scaled.jpg?fit=848%2C586&amp;ssl=1\" class=\"size-full wp-image-30159\" src=\"https:\/\/i0.wp.com\/newsinteractive.post-gazette.com\/photos\/wp-content\/uploads\/sites\/5\/2022\/06\/20220608ng_GlenwoodExit05-scaled.jpg?resize=848%2C586&#038;ssl=1\" alt=\"\" width=\"848\" height=\"586\" srcset=\"https:\/\/i0.wp.com\/newsinteractive.post-gazette.com\/photos\/wp-content\/uploads\/sites\/5\/2022\/06\/20220608ng_GlenwoodExit05-scaled.jpg?w=2560&amp;ssl=1 2560w, https:\/\/i0.wp.com\/newsinteractive.post-gazette.com\/photos\/wp-content\/uploads\/sites\/5\/2022\/06\/20220608ng_GlenwoodExit05-scaled.jpg?resize=300%2C207&amp;ssl=1 300w, https:\/\/i0.wp.com\/newsinteractive.post-gazette.com\/photos\/wp-content\/uploads\/sites\/5\/2022\/06\/20220608ng_GlenwoodExit05-scaled.jpg?resize=1024%2C708&amp;ssl=1 1024w, https:\/\/i0.wp.com\/newsinteractive.post-gazette.com\/photos\/wp-content\/uploads\/sites\/5\/2022\/06\/20220608ng_GlenwoodExit05-scaled.jpg?resize=369%2C255&amp;ssl=1 369w, https:\/\/i0.wp.com\/newsinteractive.post-gazette.com\/photos\/wp-content\/uploads\/sites\/5\/2022\/06\/20220608ng_GlenwoodExit05-scaled.jpg?resize=1536%2C1061&amp;ssl=1 1536w, https:\/\/i0.wp.com\/newsinteractive.post-gazette.com\/photos\/wp-content\/uploads\/sites\/5\/2022\/06\/20220608ng_GlenwoodExit05-scaled.jpg?resize=2048%2C1415&amp;ssl=1 2048w, https:\/\/i0.wp.com\/newsinteractive.post-gazette.com\/photos\/wp-content\/uploads\/sites\/5\/2022\/06\/20220608ng_GlenwoodExit05-scaled.jpg?w=1696&amp;ssl=1 1696w\" sizes=\"(max-width: 848px) 100vw, 848px\" data-recalc-dims=\"1\" \/><figcaption id=\"caption-attachment-30159\" class=\"wp-caption-text\">A view of the Glenwood\/Route 885 exit ramp as vehicles travel inbound on the Parkway East Wednesday, June 8, 2022, in Oakland. (Post-Gazette)<\/figcaption><\/figure>\n<figure id=\"attachment_30160\" aria-describedby=\"caption-attachment-30160\" style=\"width: 2209px\" class=\"wp-caption aligncenter\"><img loading=\"lazy\" decoding=\"async\" data-attachment-id=\"30160\" data-permalink=\"https:\/\/newsinteractive.post-gazette.com\/photos\/2022\/06\/06\/week-in-photos-june-5-11-2022\/20220608ng_standalone01\/\" data-orig-file=\"https:\/\/i0.wp.com\/newsinteractive.post-gazette.com\/photos\/wp-content\/uploads\/sites\/5\/2022\/06\/20220608ng_Standalone01.jpg?fit=2209%2C1666&amp;ssl=1\" data-orig-size=\"2209,1666\" data-comments-opened=\"0\" data-image-meta=\"{&quot;aperture&quot;:&quot;11&quot;,&quot;credit&quot;:&quot;Post-Gazette&quot;,&quot;camera&quot;:&quot;NIKON D5&quot;,&quot;caption&quot;:&quot;PLEASE WITHHOLD MY BYLINE\\\/CREDIT.) Standalone. Jenni Herbine, a nanny from Bellevue, pushes Carlos Sherry Martins and Adrian Hoffmann, both 15-months old, around there Schenley Oval Sportsplex Wednesday, June 8, 2022, in Oakland.\\n(Nate Guidry\\\/Post-Gazette)&quot;,&quot;created_timestamp&quot;:&quot;1654696897&quot;,&quot;copyright&quot;:&quot;&quot;,&quot;focal_length&quot;:&quot;165&quot;,&quot;iso&quot;:&quot;400&quot;,&quot;shutter_speed&quot;:&quot;0.001&quot;,&quot;title&quot;:&quot;&quot;,&quot;orientation&quot;:&quot;1&quot;}\" data-image-title=\"20220608ng_Standalone01\" data-image-description=\"\" data-image-caption=\"&lt;p&gt;PLEASE WITHHOLD MY BYLINE\/CREDIT.) Standalone. Jenni Herbine, a nanny from Bellevue, pushes Carlos Sherry Martins and Adrian Hoffmann, both 15-months old, around there Schenley Oval Sportsplex Wednesday, June 8, 2022, in Oakland.&lt;br \/&gt;\n(Nate Guidry\/Post-Gazette)&lt;\/p&gt;\n\" data-medium-file=\"https:\/\/i0.wp.com\/newsinteractive.post-gazette.com\/photos\/wp-content\/uploads\/sites\/5\/2022\/06\/20220608ng_Standalone01.jpg?fit=300%2C226&amp;ssl=1\" data-large-file=\"https:\/\/i0.wp.com\/newsinteractive.post-gazette.com\/photos\/wp-content\/uploads\/sites\/5\/2022\/06\/20220608ng_Standalone01.jpg?fit=848%2C639&amp;ssl=1\" class=\"size-full wp-image-30160\" src=\"https:\/\/i0.wp.com\/newsinteractive.post-gazette.com\/photos\/wp-content\/uploads\/sites\/5\/2022\/06\/20220608ng_Standalone01.jpg?resize=848%2C640&#038;ssl=1\" alt=\"\" width=\"848\" height=\"640\" srcset=\"https:\/\/i0.wp.com\/newsinteractive.post-gazette.com\/photos\/wp-content\/uploads\/sites\/5\/2022\/06\/20220608ng_Standalone01.jpg?w=2209&amp;ssl=1 2209w, https:\/\/i0.wp.com\/newsinteractive.post-gazette.com\/photos\/wp-content\/uploads\/sites\/5\/2022\/06\/20220608ng_Standalone01.jpg?resize=300%2C226&amp;ssl=1 300w, https:\/\/i0.wp.com\/newsinteractive.post-gazette.com\/photos\/wp-content\/uploads\/sites\/5\/2022\/06\/20220608ng_Standalone01.jpg?resize=1024%2C772&amp;ssl=1 1024w, https:\/\/i0.wp.com\/newsinteractive.post-gazette.com\/photos\/wp-content\/uploads\/sites\/5\/2022\/06\/20220608ng_Standalone01.jpg?resize=338%2C255&amp;ssl=1 338w, https:\/\/i0.wp.com\/newsinteractive.post-gazette.com\/photos\/wp-content\/uploads\/sites\/5\/2022\/06\/20220608ng_Standalone01.jpg?resize=1536%2C1158&amp;ssl=1 1536w, https:\/\/i0.wp.com\/newsinteractive.post-gazette.com\/photos\/wp-content\/uploads\/sites\/5\/2022\/06\/20220608ng_Standalone01.jpg?resize=2048%2C1545&amp;ssl=1 2048w, https:\/\/i0.wp.com\/newsinteractive.post-gazette.com\/photos\/wp-content\/uploads\/sites\/5\/2022\/06\/20220608ng_Standalone01.jpg?w=1696&amp;ssl=1 1696w\" sizes=\"(max-width: 848px) 100vw, 848px\" data-recalc-dims=\"1\" \/><figcaption id=\"caption-attachment-30160\" class=\"wp-caption-text\">Jenni Herbine, a nanny from Bellevue, pushes Carlos Sherry Martins and Adrian Hoffmann, both 15-months old, around there Schenley Oval Sportsplex Wednesday, June 8, 2022, in Oakland.(Post-Gazette)<\/figcaption><\/figure>\n<figure id=\"attachment_30161\" aria-describedby=\"caption-attachment-30161\" style=\"width: 2000px\" class=\"wp-caption aligncenter\"><img loading=\"lazy\" decoding=\"async\" data-attachment-id=\"30161\" data-permalink=\"https:\/\/newsinteractive.post-gazette.com\/photos\/2022\/06\/06\/week-in-photos-june-5-11-2022\/20220608ppdiscgolfloc\/\" data-orig-file=\"https:\/\/i0.wp.com\/newsinteractive.post-gazette.com\/photos\/wp-content\/uploads\/sites\/5\/2022\/06\/20220608ppDiscGolfLOC.jpg?fit=2000%2C1331&amp;ssl=1\" data-orig-size=\"2000,1331\" data-comments-opened=\"0\" data-image-meta=\"{&quot;aperture&quot;:&quot;4&quot;,&quot;credit&quot;:&quot;Pam Panchak\\\/Post-Gazette&quot;,&quot;camera&quot;:&quot;NIKON D4S&quot;,&quot;caption&quot;:&quot;Brooks Mark, of Edgewood attempts to hit hole #2 during a Disc Golf outing in Schenley Park with a friend Wednesday, Jun. 8, 2022, in Pittsburgh. (Pam Panchak\\\/Post-Gazette)\\n\\n#standalone&quot;,&quot;created_timestamp&quot;:&quot;1654697128&quot;,&quot;copyright&quot;:&quot;Pittsburgh Post-Gazette&quot;,&quot;focal_length&quot;:&quot;360&quot;,&quot;iso&quot;:&quot;400&quot;,&quot;shutter_speed&quot;:&quot;0.000625&quot;,&quot;title&quot;:&quot;20220608ppDiscGolfLOC&quot;,&quot;orientation&quot;:&quot;1&quot;}\" data-image-title=\"20220608ppDiscGolfLOC\" data-image-description=\"\" data-image-caption=\"&lt;p&gt;Brooks Mark, of Edgewood attempts to hit hole #2 during a Disc Golf outing in Schenley Park with a friend Wednesday, Jun. 8, 2022, in Pittsburgh. (Pam Panchak\/Post-Gazette)&lt;\/p&gt;\n&lt;p&gt;#standalone&lt;\/p&gt;\n\" data-medium-file=\"https:\/\/i0.wp.com\/newsinteractive.post-gazette.com\/photos\/wp-content\/uploads\/sites\/5\/2022\/06\/20220608ppDiscGolfLOC.jpg?fit=300%2C200&amp;ssl=1\" data-large-file=\"https:\/\/i0.wp.com\/newsinteractive.post-gazette.com\/photos\/wp-content\/uploads\/sites\/5\/2022\/06\/20220608ppDiscGolfLOC.jpg?fit=848%2C564&amp;ssl=1\" class=\"size-full wp-image-30161\" src=\"https:\/\/i0.wp.com\/newsinteractive.post-gazette.com\/photos\/wp-content\/uploads\/sites\/5\/2022\/06\/20220608ppDiscGolfLOC.jpg?resize=848%2C564&#038;ssl=1\" alt=\"\" width=\"848\" height=\"564\" srcset=\"https:\/\/i0.wp.com\/newsinteractive.post-gazette.com\/photos\/wp-content\/uploads\/sites\/5\/2022\/06\/20220608ppDiscGolfLOC.jpg?w=2000&amp;ssl=1 2000w, https:\/\/i0.wp.com\/newsinteractive.post-gazette.com\/photos\/wp-content\/uploads\/sites\/5\/2022\/06\/20220608ppDiscGolfLOC.jpg?resize=300%2C200&amp;ssl=1 300w, https:\/\/i0.wp.com\/newsinteractive.post-gazette.com\/photos\/wp-content\/uploads\/sites\/5\/2022\/06\/20220608ppDiscGolfLOC.jpg?resize=1024%2C681&amp;ssl=1 1024w, https:\/\/i0.wp.com\/newsinteractive.post-gazette.com\/photos\/wp-content\/uploads\/sites\/5\/2022\/06\/20220608ppDiscGolfLOC.jpg?resize=383%2C255&amp;ssl=1 383w, https:\/\/i0.wp.com\/newsinteractive.post-gazette.com\/photos\/wp-content\/uploads\/sites\/5\/2022\/06\/20220608ppDiscGolfLOC.jpg?resize=1536%2C1022&amp;ssl=1 1536w, https:\/\/i0.wp.com\/newsinteractive.post-gazette.com\/photos\/wp-content\/uploads\/sites\/5\/2022\/06\/20220608ppDiscGolfLOC.jpg?w=1696&amp;ssl=1 1696w\" sizes=\"(max-width: 848px) 100vw, 848px\" data-recalc-dims=\"1\" \/><figcaption id=\"caption-attachment-30161\" class=\"wp-caption-text\">Brooks Mark, of Edgewood attempts to hit hole #2 during a Disc Golf outing in Schenley Park with a friend Wednesday, Jun. 8, 2022, in Pittsburgh. (Pam Panchak\/Post-Gazette)<\/figcaption><\/figure>\n<figure id=\"attachment_30146\" aria-describedby=\"caption-attachment-30146\" style=\"width: 2560px\" class=\"wp-caption aligncenter\"><img loading=\"lazy\" decoding=\"async\" data-attachment-id=\"30146\" data-permalink=\"https:\/\/newsinteractive.post-gazette.com\/photos\/2022\/06\/06\/week-in-photos-june-5-11-2022\/20220603ac-kindness-rocks-garden01\/\" data-orig-file=\"https:\/\/i0.wp.com\/newsinteractive.post-gazette.com\/photos\/wp-content\/uploads\/sites\/5\/2022\/06\/20220603AC-Kindness-Rocks-Garden01-scaled.jpg?fit=2560%2C1704&amp;ssl=1\" data-orig-size=\"2560,1704\" data-comments-opened=\"0\" data-image-meta=\"{&quot;aperture&quot;:&quot;5.6&quot;,&quot;credit&quot;:&quot;Alicia Chiang\\\/Pittsburgh Post-Gazette&quot;,&quot;camera&quot;:&quot;NIKON D4S&quot;,&quot;caption&quot;:&quot;Holly Demann, 44, picks up a stone that says \\&quot;believe in yourself\\&quot; at Kindness Rock Garden at 624 Clay St, Pittsburgh, on Friday, Jun3, 2022. (Alicia Chiang\\\/Post-Gazette)&quot;,&quot;created_timestamp&quot;:&quot;1654271446&quot;,&quot;copyright&quot;:&quot;Pittsburgh Post-Gazette&quot;,&quot;focal_length&quot;:&quot;38&quot;,&quot;iso&quot;:&quot;100&quot;,&quot;shutter_speed&quot;:&quot;0.0008&quot;,&quot;title&quot;:&quot;&quot;,&quot;orientation&quot;:&quot;1&quot;}\" data-image-title=\"20220603AC Kindness Rocks Garden01\" data-image-description=\"\" data-image-caption=\"&lt;p&gt;Holly Demann, 44, picks up a stone that says &#8220;believe in yourself&#8221; at Kindness Rock Garden at 624 Clay St, Pittsburgh, on Friday, Jun3, 2022. (Alicia Chiang\/Post-Gazette)&lt;\/p&gt;\n\" data-medium-file=\"https:\/\/i0.wp.com\/newsinteractive.post-gazette.com\/photos\/wp-content\/uploads\/sites\/5\/2022\/06\/20220603AC-Kindness-Rocks-Garden01-scaled.jpg?fit=300%2C200&amp;ssl=1\" data-large-file=\"https:\/\/i0.wp.com\/newsinteractive.post-gazette.com\/photos\/wp-content\/uploads\/sites\/5\/2022\/06\/20220603AC-Kindness-Rocks-Garden01-scaled.jpg?fit=848%2C565&amp;ssl=1\" class=\"size-full wp-image-30146\" src=\"https:\/\/i0.wp.com\/newsinteractive.post-gazette.com\/photos\/wp-content\/uploads\/sites\/5\/2022\/06\/20220603AC-Kindness-Rocks-Garden01-scaled.jpg?resize=848%2C564&#038;ssl=1\" alt=\"\" width=\"848\" height=\"564\" srcset=\"https:\/\/i0.wp.com\/newsinteractive.post-gazette.com\/photos\/wp-content\/uploads\/sites\/5\/2022\/06\/20220603AC-Kindness-Rocks-Garden01-scaled.jpg?w=2560&amp;ssl=1 2560w, https:\/\/i0.wp.com\/newsinteractive.post-gazette.com\/photos\/wp-content\/uploads\/sites\/5\/2022\/06\/20220603AC-Kindness-Rocks-Garden01-scaled.jpg?resize=300%2C200&amp;ssl=1 300w, https:\/\/i0.wp.com\/newsinteractive.post-gazette.com\/photos\/wp-content\/uploads\/sites\/5\/2022\/06\/20220603AC-Kindness-Rocks-Garden01-scaled.jpg?resize=1024%2C682&amp;ssl=1 1024w, https:\/\/i0.wp.com\/newsinteractive.post-gazette.com\/photos\/wp-content\/uploads\/sites\/5\/2022\/06\/20220603AC-Kindness-Rocks-Garden01-scaled.jpg?resize=383%2C255&amp;ssl=1 383w, https:\/\/i0.wp.com\/newsinteractive.post-gazette.com\/photos\/wp-content\/uploads\/sites\/5\/2022\/06\/20220603AC-Kindness-Rocks-Garden01-scaled.jpg?resize=1536%2C1022&amp;ssl=1 1536w, https:\/\/i0.wp.com\/newsinteractive.post-gazette.com\/photos\/wp-content\/uploads\/sites\/5\/2022\/06\/20220603AC-Kindness-Rocks-Garden01-scaled.jpg?resize=2048%2C1363&amp;ssl=1 2048w, https:\/\/i0.wp.com\/newsinteractive.post-gazette.com\/photos\/wp-content\/uploads\/sites\/5\/2022\/06\/20220603AC-Kindness-Rocks-Garden01-scaled.jpg?w=1696&amp;ssl=1 1696w\" sizes=\"(max-width: 848px) 100vw, 848px\" data-recalc-dims=\"1\" \/><figcaption id=\"caption-attachment-30146\" class=\"wp-caption-text\">Holly Demann, 44, picks up a stone that says &#8220;believe in yourself&#8221; at Kindness Rock Garden at 624 Clay St, Pittsburgh, on Friday, June 3, 2022. (Alicia Chiang\/Post-Gazette)<\/figcaption><\/figure>\n<figure id=\"attachment_30147\" aria-describedby=\"caption-attachment-30147\" style=\"width: 2560px\" class=\"wp-caption aligncenter\"><img loading=\"lazy\" decoding=\"async\" data-attachment-id=\"30147\" data-permalink=\"https:\/\/newsinteractive.post-gazette.com\/photos\/2022\/06\/06\/week-in-photos-june-5-11-2022\/20220607mfsteelerssports01\/\" data-orig-file=\"https:\/\/i0.wp.com\/newsinteractive.post-gazette.com\/photos\/wp-content\/uploads\/sites\/5\/2022\/06\/20220607mfsteelerssports01-scaled.jpg?fit=2560%2C1808&amp;ssl=1\" data-orig-size=\"2560,1808\" data-comments-opened=\"0\" data-image-meta=\"{&quot;aperture&quot;:&quot;5&quot;,&quot;credit&quot;:&quot;Matt Freed\\\/Post-Gazette&quot;,&quot;camera&quot;:&quot;ILCE-9M2&quot;,&quot;caption&quot;:&quot;Steelers head coach Mike Tomlin wears a safely helmet as his team warms up during minicamp, Tuesday, June 7, 2022, at UPMC Rooney Sports Complex. (Matt Freed\\\/Post-Gazette)&quot;,&quot;created_timestamp&quot;:&quot;1654617932&quot;,&quot;copyright&quot;:&quot;&quot;,&quot;focal_length&quot;:&quot;560&quot;,&quot;iso&quot;:&quot;1600&quot;,&quot;shutter_speed&quot;:&quot;0.000625&quot;,&quot;title&quot;:&quot;&quot;,&quot;orientation&quot;:&quot;1&quot;}\" data-image-title=\"20220607mfsteelerssports01\" data-image-description=\"\" data-image-caption=\"&lt;p&gt;Steelers head coach Mike Tomlin wears a safely helmet as his team warms up during minicamp, Tuesday, June 7, 2022, at UPMC Rooney Sports Complex. (Matt Freed\/Post-Gazette)&lt;\/p&gt;\n\" data-medium-file=\"https:\/\/i0.wp.com\/newsinteractive.post-gazette.com\/photos\/wp-content\/uploads\/sites\/5\/2022\/06\/20220607mfsteelerssports01-scaled.jpg?fit=300%2C212&amp;ssl=1\" data-large-file=\"https:\/\/i0.wp.com\/newsinteractive.post-gazette.com\/photos\/wp-content\/uploads\/sites\/5\/2022\/06\/20220607mfsteelerssports01-scaled.jpg?fit=848%2C599&amp;ssl=1\" class=\"size-full wp-image-30147\" src=\"https:\/\/i0.wp.com\/newsinteractive.post-gazette.com\/photos\/wp-content\/uploads\/sites\/5\/2022\/06\/20220607mfsteelerssports01-scaled.jpg?resize=848%2C599&#038;ssl=1\" alt=\"\" width=\"848\" height=\"599\" srcset=\"https:\/\/i0.wp.com\/newsinteractive.post-gazette.com\/photos\/wp-content\/uploads\/sites\/5\/2022\/06\/20220607mfsteelerssports01-scaled.jpg?w=2560&amp;ssl=1 2560w, https:\/\/i0.wp.com\/newsinteractive.post-gazette.com\/photos\/wp-content\/uploads\/sites\/5\/2022\/06\/20220607mfsteelerssports01-scaled.jpg?resize=300%2C212&amp;ssl=1 300w, https:\/\/i0.wp.com\/newsinteractive.post-gazette.com\/photos\/wp-content\/uploads\/sites\/5\/2022\/06\/20220607mfsteelerssports01-scaled.jpg?resize=1024%2C723&amp;ssl=1 1024w, https:\/\/i0.wp.com\/newsinteractive.post-gazette.com\/photos\/wp-content\/uploads\/sites\/5\/2022\/06\/20220607mfsteelerssports01-scaled.jpg?resize=361%2C255&amp;ssl=1 361w, https:\/\/i0.wp.com\/newsinteractive.post-gazette.com\/photos\/wp-content\/uploads\/sites\/5\/2022\/06\/20220607mfsteelerssports01-scaled.jpg?resize=1536%2C1085&amp;ssl=1 1536w, https:\/\/i0.wp.com\/newsinteractive.post-gazette.com\/photos\/wp-content\/uploads\/sites\/5\/2022\/06\/20220607mfsteelerssports01-scaled.jpg?resize=2048%2C1446&amp;ssl=1 2048w, https:\/\/i0.wp.com\/newsinteractive.post-gazette.com\/photos\/wp-content\/uploads\/sites\/5\/2022\/06\/20220607mfsteelerssports01-scaled.jpg?w=1696&amp;ssl=1 1696w\" sizes=\"(max-width: 848px) 100vw, 848px\" data-recalc-dims=\"1\" \/><figcaption id=\"caption-attachment-30147\" class=\"wp-caption-text\">Steelers head coach Mike Tomlin wears a safely helmet as his team warms up during minicamp, Tuesday, June 7, 2022, at UPMC Rooney Sports Complex. (Matt Freed\/Post-Gazette)<\/figcaption><\/figure>\n<figure id=\"attachment_30148\" aria-describedby=\"caption-attachment-30148\" style=\"width: 2560px\" class=\"wp-caption aligncenter\"><img loading=\"lazy\" decoding=\"async\" data-attachment-id=\"30148\" data-permalink=\"https:\/\/newsinteractive.post-gazette.com\/photos\/2022\/06\/06\/week-in-photos-june-5-11-2022\/20220607mfsteelerssports10\/\" data-orig-file=\"https:\/\/i0.wp.com\/newsinteractive.post-gazette.com\/photos\/wp-content\/uploads\/sites\/5\/2022\/06\/20220607mfsteelerssports10-scaled.jpg?fit=2560%2C2522&amp;ssl=1\" data-orig-size=\"2560,2522\" data-comments-opened=\"0\" data-image-meta=\"{&quot;aperture&quot;:&quot;5&quot;,&quot;credit&quot;:&quot;Matt Freed\\\/Post-Gazette&quot;,&quot;camera&quot;:&quot;ILCE-9M2&quot;,&quot;caption&quot;:&quot;Steelers running back Anthony McFarland Jr. carries during minicamp, Tuesday, June 7, 2022, at UPMC Rooney Sports Complex. (Matt Freed\\\/Post-Gazette)&quot;,&quot;created_timestamp&quot;:&quot;1654618093&quot;,&quot;copyright&quot;:&quot;&quot;,&quot;focal_length&quot;:&quot;560&quot;,&quot;iso&quot;:&quot;1600&quot;,&quot;shutter_speed&quot;:&quot;0.00125&quot;,&quot;title&quot;:&quot;&quot;,&quot;orientation&quot;:&quot;1&quot;}\" data-image-title=\"20220607mfsteelerssports10\" data-image-description=\"\" data-image-caption=\"&lt;p&gt;Steelers running back Anthony McFarland Jr. carries during minicamp, Tuesday, June 7, 2022, at UPMC Rooney Sports Complex. (Matt Freed\/Post-Gazette)&lt;\/p&gt;\n\" data-medium-file=\"https:\/\/i0.wp.com\/newsinteractive.post-gazette.com\/photos\/wp-content\/uploads\/sites\/5\/2022\/06\/20220607mfsteelerssports10-scaled.jpg?fit=300%2C296&amp;ssl=1\" data-large-file=\"https:\/\/i0.wp.com\/newsinteractive.post-gazette.com\/photos\/wp-content\/uploads\/sites\/5\/2022\/06\/20220607mfsteelerssports10-scaled.jpg?fit=848%2C836&amp;ssl=1\" class=\"size-full wp-image-30148\" src=\"https:\/\/i0.wp.com\/newsinteractive.post-gazette.com\/photos\/wp-content\/uploads\/sites\/5\/2022\/06\/20220607mfsteelerssports10-scaled.jpg?resize=848%2C835&#038;ssl=1\" alt=\"\" width=\"848\" height=\"835\" srcset=\"https:\/\/i0.wp.com\/newsinteractive.post-gazette.com\/photos\/wp-content\/uploads\/sites\/5\/2022\/06\/20220607mfsteelerssports10-scaled.jpg?w=2560&amp;ssl=1 2560w, https:\/\/i0.wp.com\/newsinteractive.post-gazette.com\/photos\/wp-content\/uploads\/sites\/5\/2022\/06\/20220607mfsteelerssports10-scaled.jpg?resize=300%2C296&amp;ssl=1 300w, https:\/\/i0.wp.com\/newsinteractive.post-gazette.com\/photos\/wp-content\/uploads\/sites\/5\/2022\/06\/20220607mfsteelerssports10-scaled.jpg?resize=1024%2C1009&amp;ssl=1 1024w, https:\/\/i0.wp.com\/newsinteractive.post-gazette.com\/photos\/wp-content\/uploads\/sites\/5\/2022\/06\/20220607mfsteelerssports10-scaled.jpg?resize=259%2C255&amp;ssl=1 259w, https:\/\/i0.wp.com\/newsinteractive.post-gazette.com\/photos\/wp-content\/uploads\/sites\/5\/2022\/06\/20220607mfsteelerssports10-scaled.jpg?resize=1536%2C1513&amp;ssl=1 1536w, https:\/\/i0.wp.com\/newsinteractive.post-gazette.com\/photos\/wp-content\/uploads\/sites\/5\/2022\/06\/20220607mfsteelerssports10-scaled.jpg?resize=2048%2C2018&amp;ssl=1 2048w, https:\/\/i0.wp.com\/newsinteractive.post-gazette.com\/photos\/wp-content\/uploads\/sites\/5\/2022\/06\/20220607mfsteelerssports10-scaled.jpg?resize=24%2C24&amp;ssl=1 24w, https:\/\/i0.wp.com\/newsinteractive.post-gazette.com\/photos\/wp-content\/uploads\/sites\/5\/2022\/06\/20220607mfsteelerssports10-scaled.jpg?resize=48%2C48&amp;ssl=1 48w, https:\/\/i0.wp.com\/newsinteractive.post-gazette.com\/photos\/wp-content\/uploads\/sites\/5\/2022\/06\/20220607mfsteelerssports10-scaled.jpg?resize=96%2C96&amp;ssl=1 96w, https:\/\/i0.wp.com\/newsinteractive.post-gazette.com\/photos\/wp-content\/uploads\/sites\/5\/2022\/06\/20220607mfsteelerssports10-scaled.jpg?w=1696&amp;ssl=1 1696w\" sizes=\"(max-width: 848px) 100vw, 848px\" data-recalc-dims=\"1\" \/><figcaption id=\"caption-attachment-30148\" class=\"wp-caption-text\">Steelers running back Anthony McFarland Jr. carries during minicamp, Tuesday, June 7, 2022, at UPMC Rooney Sports Complex. (Matt Freed\/Post-Gazette)<\/figcaption><\/figure>\n<figure id=\"attachment_30149\" aria-describedby=\"caption-attachment-30149\" style=\"width: 2560px\" class=\"wp-caption aligncenter\"><img loading=\"lazy\" decoding=\"async\" data-attachment-id=\"30149\" data-permalink=\"https:\/\/newsinteractive.post-gazette.com\/photos\/2022\/06\/06\/week-in-photos-june-5-11-2022\/20220607mfsteelerssports19\/\" data-orig-file=\"https:\/\/i0.wp.com\/newsinteractive.post-gazette.com\/photos\/wp-content\/uploads\/sites\/5\/2022\/06\/20220607mfsteelerssports19-scaled.jpg?fit=2560%2C2134&amp;ssl=1\" data-orig-size=\"2560,2134\" data-comments-opened=\"0\" data-image-meta=\"{&quot;aperture&quot;:&quot;4.5&quot;,&quot;credit&quot;:&quot;Matt Freed\\\/Post-Gazette&quot;,&quot;camera&quot;:&quot;ILCE-9M2&quot;,&quot;caption&quot;:&quot;Steelers wide receiver Miles Boykin reaches to pull in a ball next to wide receiver Calvin Austin III during minicamp, Tuesday, June 7, 2022, at UPMC Rooney Sports Complex. (Matt Freed\\\/Post-Gazette)&quot;,&quot;created_timestamp&quot;:&quot;1654619467&quot;,&quot;copyright&quot;:&quot;&quot;,&quot;focal_length&quot;:&quot;560&quot;,&quot;iso&quot;:&quot;1600&quot;,&quot;shutter_speed&quot;:&quot;0.0008&quot;,&quot;title&quot;:&quot;&quot;,&quot;orientation&quot;:&quot;1&quot;}\" data-image-title=\"20220607mfsteelerssports19\" data-image-description=\"\" data-image-caption=\"&lt;p&gt;Steelers wide receiver Miles Boykin reaches to pull in a ball next to wide receiver Calvin Austin III during minicamp, Tuesday, June 7, 2022, at UPMC Rooney Sports Complex. (Matt Freed\/Post-Gazette)&lt;\/p&gt;\n\" data-medium-file=\"https:\/\/i0.wp.com\/newsinteractive.post-gazette.com\/photos\/wp-content\/uploads\/sites\/5\/2022\/06\/20220607mfsteelerssports19-scaled.jpg?fit=300%2C250&amp;ssl=1\" data-large-file=\"https:\/\/i0.wp.com\/newsinteractive.post-gazette.com\/photos\/wp-content\/uploads\/sites\/5\/2022\/06\/20220607mfsteelerssports19-scaled.jpg?fit=848%2C706&amp;ssl=1\" class=\"size-full wp-image-30149\" src=\"https:\/\/i0.wp.com\/newsinteractive.post-gazette.com\/photos\/wp-content\/uploads\/sites\/5\/2022\/06\/20220607mfsteelerssports19-scaled.jpg?resize=848%2C707&#038;ssl=1\" alt=\"\" width=\"848\" height=\"707\" srcset=\"https:\/\/i0.wp.com\/newsinteractive.post-gazette.com\/photos\/wp-content\/uploads\/sites\/5\/2022\/06\/20220607mfsteelerssports19-scaled.jpg?w=2560&amp;ssl=1 2560w, https:\/\/i0.wp.com\/newsinteractive.post-gazette.com\/photos\/wp-content\/uploads\/sites\/5\/2022\/06\/20220607mfsteelerssports19-scaled.jpg?resize=300%2C250&amp;ssl=1 300w, https:\/\/i0.wp.com\/newsinteractive.post-gazette.com\/photos\/wp-content\/uploads\/sites\/5\/2022\/06\/20220607mfsteelerssports19-scaled.jpg?resize=1024%2C853&amp;ssl=1 1024w, https:\/\/i0.wp.com\/newsinteractive.post-gazette.com\/photos\/wp-content\/uploads\/sites\/5\/2022\/06\/20220607mfsteelerssports19-scaled.jpg?resize=306%2C255&amp;ssl=1 306w, https:\/\/i0.wp.com\/newsinteractive.post-gazette.com\/photos\/wp-content\/uploads\/sites\/5\/2022\/06\/20220607mfsteelerssports19-scaled.jpg?resize=1536%2C1280&amp;ssl=1 1536w, https:\/\/i0.wp.com\/newsinteractive.post-gazette.com\/photos\/wp-content\/uploads\/sites\/5\/2022\/06\/20220607mfsteelerssports19-scaled.jpg?resize=2048%2C1707&amp;ssl=1 2048w, https:\/\/i0.wp.com\/newsinteractive.post-gazette.com\/photos\/wp-content\/uploads\/sites\/5\/2022\/06\/20220607mfsteelerssports19-scaled.jpg?w=1696&amp;ssl=1 1696w\" sizes=\"(max-width: 848px) 100vw, 848px\" data-recalc-dims=\"1\" \/><figcaption id=\"caption-attachment-30149\" class=\"wp-caption-text\">Steelers wide receiver Miles Boykin reaches to pull in a ball next to wide receiver Calvin Austin III during minicamp, Tuesday, June 7, 2022, at UPMC Rooney Sports Complex. (Matt Freed\/Post-Gazette)<\/figcaption><\/figure>\n<figure id=\"attachment_30150\" aria-describedby=\"caption-attachment-30150\" style=\"width: 2000px\" class=\"wp-caption aligncenter\"><img loading=\"lazy\" decoding=\"async\" data-attachment-id=\"30150\" data-permalink=\"https:\/\/newsinteractive.post-gazette.com\/photos\/2022\/06\/06\/week-in-photos-june-5-11-2022\/20220607mnsaltyporkybits02\/\" data-orig-file=\"https:\/\/i0.wp.com\/newsinteractive.post-gazette.com\/photos\/wp-content\/uploads\/sites\/5\/2022\/06\/20220607MNSaltyPorkyBits02.jpg?fit=2000%2C1332&amp;ssl=1\" data-orig-size=\"2000,1332\" data-comments-opened=\"0\" data-image-meta=\"{&quot;aperture&quot;:&quot;16&quot;,&quot;credit&quot;:&quot;Mattie Neretin\\\/Post-Gazette&quot;,&quot;camera&quot;:&quot;NIKON D850&quot;,&quot;caption&quot;:&quot;The storefront of Salty Pork Bits, a charcuterie food store at 5308 Butler St. in Lawrenceville, Pittsburgh on June 7, 2022. (Mattie Neretin\\\/Post-Gazette) #saltyporkbits&quot;,&quot;created_timestamp&quot;:&quot;1654627156&quot;,&quot;copyright&quot;:&quot;Pittsburgh Post-Gazette&quot;,&quot;focal_length&quot;:&quot;32&quot;,&quot;iso&quot;:&quot;100&quot;,&quot;shutter_speed&quot;:&quot;0.066666666666667&quot;,&quot;title&quot;:&quot;&quot;,&quot;orientation&quot;:&quot;1&quot;}\" data-image-title=\"20220607MNSaltyPorkyBits02\" data-image-description=\"\" data-image-caption=\"&lt;p&gt;The storefront of Salty Pork Bits, a charcuterie food store at 5308 Butler St. in Lawrenceville, Pittsburgh on June 7, 2022. (Mattie Neretin\/Post-Gazette) #saltyporkbits&lt;\/p&gt;\n\" data-medium-file=\"https:\/\/i0.wp.com\/newsinteractive.post-gazette.com\/photos\/wp-content\/uploads\/sites\/5\/2022\/06\/20220607MNSaltyPorkyBits02.jpg?fit=300%2C200&amp;ssl=1\" data-large-file=\"https:\/\/i0.wp.com\/newsinteractive.post-gazette.com\/photos\/wp-content\/uploads\/sites\/5\/2022\/06\/20220607MNSaltyPorkyBits02.jpg?fit=848%2C565&amp;ssl=1\" class=\"size-full wp-image-30150\" src=\"https:\/\/i0.wp.com\/newsinteractive.post-gazette.com\/photos\/wp-content\/uploads\/sites\/5\/2022\/06\/20220607MNSaltyPorkyBits02.jpg?resize=848%2C565&#038;ssl=1\" alt=\"\" width=\"848\" height=\"565\" srcset=\"https:\/\/i0.wp.com\/newsinteractive.post-gazette.com\/photos\/wp-content\/uploads\/sites\/5\/2022\/06\/20220607MNSaltyPorkyBits02.jpg?w=2000&amp;ssl=1 2000w, https:\/\/i0.wp.com\/newsinteractive.post-gazette.com\/photos\/wp-content\/uploads\/sites\/5\/2022\/06\/20220607MNSaltyPorkyBits02.jpg?resize=300%2C200&amp;ssl=1 300w, https:\/\/i0.wp.com\/newsinteractive.post-gazette.com\/photos\/wp-content\/uploads\/sites\/5\/2022\/06\/20220607MNSaltyPorkyBits02.jpg?resize=1024%2C682&amp;ssl=1 1024w, https:\/\/i0.wp.com\/newsinteractive.post-gazette.com\/photos\/wp-content\/uploads\/sites\/5\/2022\/06\/20220607MNSaltyPorkyBits02.jpg?resize=383%2C255&amp;ssl=1 383w, https:\/\/i0.wp.com\/newsinteractive.post-gazette.com\/photos\/wp-content\/uploads\/sites\/5\/2022\/06\/20220607MNSaltyPorkyBits02.jpg?resize=1536%2C1023&amp;ssl=1 1536w, https:\/\/i0.wp.com\/newsinteractive.post-gazette.com\/photos\/wp-content\/uploads\/sites\/5\/2022\/06\/20220607MNSaltyPorkyBits02.jpg?w=1696&amp;ssl=1 1696w\" sizes=\"(max-width: 848px) 100vw, 848px\" data-recalc-dims=\"1\" \/><figcaption id=\"caption-attachment-30150\" class=\"wp-caption-text\">The storefront of Salty Pork Bits, a charcuterie food store at 5308 Butler St. in Lawrenceville, Pittsburgh on June 7, 2022. (Mattie Neretin\/Post-Gazette)<\/figcaption><\/figure>\n<figure id=\"attachment_30151\" aria-describedby=\"caption-attachment-30151\" style=\"width: 2200px\" class=\"wp-caption aligncenter\"><img loading=\"lazy\" decoding=\"async\" data-attachment-id=\"30151\" data-permalink=\"https:\/\/newsinteractive.post-gazette.com\/photos\/2022\/06\/06\/week-in-photos-june-5-11-2022\/20220607mtfarmersmarket02\/\" data-orig-file=\"https:\/\/i0.wp.com\/newsinteractive.post-gazette.com\/photos\/wp-content\/uploads\/sites\/5\/2022\/06\/20220607mtFarmersMarket02.jpg?fit=2200%2C1467&amp;ssl=1\" data-orig-size=\"2200,1467\" data-comments-opened=\"0\" data-image-meta=\"{&quot;aperture&quot;:&quot;5.6&quot;,&quot;credit&quot;:&quot;Morgan Timms\\\/Pittsburgh Post-Gazette&quot;,&quot;camera&quot;:&quot;NIKON D5&quot;,&quot;caption&quot;:&quot;Saul Breg of O\\u0092Hara helps Simi Asher and Ananya Raju, both of Homestead, with their purchase at Jodikinos Farms &amp; Greenhouse stall Tuesday, June 7, 2022, at the Lawrenceville Farmers Market. \\u0093There are people who come to these markets and they haven\\u0092t seen each other for a whole winter,\\u0094 said Breg, who has been helping the Jodikinos at the Lawrenceville Farmers Market for 47 years. \\u0093It\\u0092s an emotional lift for me, in this day and age especially.\\u0094 (Morgan Timms\\\/Post-Gazette)&quot;,&quot;created_timestamp&quot;:&quot;1654628458&quot;,&quot;copyright&quot;:&quot;Pittsburgh Post-Gazette&quot;,&quot;focal_length&quot;:&quot;56&quot;,&quot;iso&quot;:&quot;125&quot;,&quot;shutter_speed&quot;:&quot;0.002&quot;,&quot;title&quot;:&quot;&quot;,&quot;orientation&quot;:&quot;1&quot;}\" data-image-title=\"20220607mtFarmersMarket02\" data-image-description=\"\" data-image-caption=\"&lt;p&gt;Saul Breg of O\u0092Hara helps Simi Asher and Ananya Raju, both of Homestead, with their purchase at Jodikinos Farms &amp;amp; Greenhouse stall Tuesday, June 7, 2022, at the Lawrenceville Farmers Market. \u0093There are people who come to these markets and they haven\u0092t seen each other for a whole winter,\u0094 said Breg, who has been helping the Jodikinos at the Lawrenceville Farmers Market for 47 years. \u0093It\u0092s an emotional lift for me, in this day and age especially.\u0094 (Morgan Timms\/Post-Gazette)&lt;\/p&gt;\n\" data-medium-file=\"https:\/\/i0.wp.com\/newsinteractive.post-gazette.com\/photos\/wp-content\/uploads\/sites\/5\/2022\/06\/20220607mtFarmersMarket02.jpg?fit=300%2C200&amp;ssl=1\" data-large-file=\"https:\/\/i0.wp.com\/newsinteractive.post-gazette.com\/photos\/wp-content\/uploads\/sites\/5\/2022\/06\/20220607mtFarmersMarket02.jpg?fit=848%2C566&amp;ssl=1\" class=\"size-full wp-image-30151\" src=\"https:\/\/i0.wp.com\/newsinteractive.post-gazette.com\/photos\/wp-content\/uploads\/sites\/5\/2022\/06\/20220607mtFarmersMarket02.jpg?resize=848%2C565&#038;ssl=1\" alt=\"\" width=\"848\" height=\"565\" srcset=\"https:\/\/i0.wp.com\/newsinteractive.post-gazette.com\/photos\/wp-content\/uploads\/sites\/5\/2022\/06\/20220607mtFarmersMarket02.jpg?w=2200&amp;ssl=1 2200w, https:\/\/i0.wp.com\/newsinteractive.post-gazette.com\/photos\/wp-content\/uploads\/sites\/5\/2022\/06\/20220607mtFarmersMarket02.jpg?resize=300%2C200&amp;ssl=1 300w, https:\/\/i0.wp.com\/newsinteractive.post-gazette.com\/photos\/wp-content\/uploads\/sites\/5\/2022\/06\/20220607mtFarmersMarket02.jpg?resize=1024%2C683&amp;ssl=1 1024w, https:\/\/i0.wp.com\/newsinteractive.post-gazette.com\/photos\/wp-content\/uploads\/sites\/5\/2022\/06\/20220607mtFarmersMarket02.jpg?resize=382%2C255&amp;ssl=1 382w, https:\/\/i0.wp.com\/newsinteractive.post-gazette.com\/photos\/wp-content\/uploads\/sites\/5\/2022\/06\/20220607mtFarmersMarket02.jpg?resize=1536%2C1024&amp;ssl=1 1536w, https:\/\/i0.wp.com\/newsinteractive.post-gazette.com\/photos\/wp-content\/uploads\/sites\/5\/2022\/06\/20220607mtFarmersMarket02.jpg?resize=2048%2C1366&amp;ssl=1 2048w, https:\/\/i0.wp.com\/newsinteractive.post-gazette.com\/photos\/wp-content\/uploads\/sites\/5\/2022\/06\/20220607mtFarmersMarket02.jpg?w=1696&amp;ssl=1 1696w\" sizes=\"(max-width: 848px) 100vw, 848px\" data-recalc-dims=\"1\" \/><figcaption id=\"caption-attachment-30151\" class=\"wp-caption-text\">Saul Breg of O\u0092Hara helps Simi Asher and Ananya Raju, both of Homestead, with their purchase at Jodikinos Farms &amp; Greenhouse stall Tuesday, June 7, 2022, at the Lawrenceville Farmers Market. &#8220;There are people who come to these markets and they haven&#8217;t seen each other for a whole winter,&#8221; said Breg, who has been helping the Jodikinos at the Lawrenceville Farmers Market for 47 years. &#8220;It&#8217;s an emotional lift for me, in this day and age especially.&#8221; (Morgan Timms\/Post-Gazette)<\/figcaption><\/figure>\n<figure id=\"attachment_30152\" aria-describedby=\"caption-attachment-30152\" style=\"width: 2200px\" class=\"wp-caption aligncenter\"><img loading=\"lazy\" decoding=\"async\" data-attachment-id=\"30152\" data-permalink=\"https:\/\/newsinteractive.post-gazette.com\/photos\/2022\/06\/06\/week-in-photos-june-5-11-2022\/20220607mtfarmersmarket04\/\" data-orig-file=\"https:\/\/i0.wp.com\/newsinteractive.post-gazette.com\/photos\/wp-content\/uploads\/sites\/5\/2022\/06\/20220607mtFarmersMarket04.jpg?fit=2200%2C1506&amp;ssl=1\" data-orig-size=\"2200,1506\" data-comments-opened=\"0\" data-image-meta=\"{&quot;aperture&quot;:&quot;5&quot;,&quot;credit&quot;:&quot;Morgan Timms\\\/Pittsburgh Post-Gazette&quot;,&quot;camera&quot;:&quot;NIKON D5&quot;,&quot;caption&quot;:&quot;Amy McGinley of Shaler explores the Lawrenceville Farmers Market with her one-year-old son Evan McGinley Tuesday, June 7, 2022. (Morgan Timms\\\/Post-Gazette)&quot;,&quot;created_timestamp&quot;:&quot;1654629342&quot;,&quot;copyright&quot;:&quot;Pittsburgh Post-Gazette&quot;,&quot;focal_length&quot;:&quot;110&quot;,&quot;iso&quot;:&quot;500&quot;,&quot;shutter_speed&quot;:&quot;0.0008&quot;,&quot;title&quot;:&quot;&quot;,&quot;orientation&quot;:&quot;0&quot;}\" data-image-title=\"20220607mtFarmersMarket04\" data-image-description=\"\" data-image-caption=\"&lt;p&gt;Amy McGinley of Shaler explores the Lawrenceville Farmers Market with her one-year-old son Evan McGinley Tuesday, June 7, 2022. (Morgan Timms\/Post-Gazette)&lt;\/p&gt;\n\" data-medium-file=\"https:\/\/i0.wp.com\/newsinteractive.post-gazette.com\/photos\/wp-content\/uploads\/sites\/5\/2022\/06\/20220607mtFarmersMarket04.jpg?fit=300%2C205&amp;ssl=1\" data-large-file=\"https:\/\/i0.wp.com\/newsinteractive.post-gazette.com\/photos\/wp-content\/uploads\/sites\/5\/2022\/06\/20220607mtFarmersMarket04.jpg?fit=848%2C581&amp;ssl=1\" class=\"size-full wp-image-30152\" src=\"https:\/\/i0.wp.com\/newsinteractive.post-gazette.com\/photos\/wp-content\/uploads\/sites\/5\/2022\/06\/20220607mtFarmersMarket04.jpg?resize=848%2C580&#038;ssl=1\" alt=\"\" width=\"848\" height=\"580\" srcset=\"https:\/\/i0.wp.com\/newsinteractive.post-gazette.com\/photos\/wp-content\/uploads\/sites\/5\/2022\/06\/20220607mtFarmersMarket04.jpg?w=2200&amp;ssl=1 2200w, https:\/\/i0.wp.com\/newsinteractive.post-gazette.com\/photos\/wp-content\/uploads\/sites\/5\/2022\/06\/20220607mtFarmersMarket04.jpg?resize=300%2C205&amp;ssl=1 300w, https:\/\/i0.wp.com\/newsinteractive.post-gazette.com\/photos\/wp-content\/uploads\/sites\/5\/2022\/06\/20220607mtFarmersMarket04.jpg?resize=1024%2C701&amp;ssl=1 1024w, https:\/\/i0.wp.com\/newsinteractive.post-gazette.com\/photos\/wp-content\/uploads\/sites\/5\/2022\/06\/20220607mtFarmersMarket04.jpg?resize=373%2C255&amp;ssl=1 373w, https:\/\/i0.wp.com\/newsinteractive.post-gazette.com\/photos\/wp-content\/uploads\/sites\/5\/2022\/06\/20220607mtFarmersMarket04.jpg?resize=1536%2C1051&amp;ssl=1 1536w, https:\/\/i0.wp.com\/newsinteractive.post-gazette.com\/photos\/wp-content\/uploads\/sites\/5\/2022\/06\/20220607mtFarmersMarket04.jpg?resize=2048%2C1402&amp;ssl=1 2048w, https:\/\/i0.wp.com\/newsinteractive.post-gazette.com\/photos\/wp-content\/uploads\/sites\/5\/2022\/06\/20220607mtFarmersMarket04.jpg?w=1696&amp;ssl=1 1696w\" sizes=\"(max-width: 848px) 100vw, 848px\" data-recalc-dims=\"1\" \/><figcaption id=\"caption-attachment-30152\" class=\"wp-caption-text\">Amy McGinley of Shaler explores the Lawrenceville Farmers Market with her one-year-old son Evan McGinley Tuesday, June 7, 2022. (Morgan Timms\/Post-Gazette)<\/figcaption><\/figure>\n<figure id=\"attachment_30153\" aria-describedby=\"caption-attachment-30153\" style=\"width: 2560px\" class=\"wp-caption aligncenter\"><img loading=\"lazy\" decoding=\"async\" data-attachment-id=\"30153\" data-permalink=\"https:\/\/newsinteractive.post-gazette.com\/photos\/2022\/06\/06\/week-in-photos-june-5-11-2022\/20220607ng_howell11\/\" data-orig-file=\"https:\/\/i0.wp.com\/newsinteractive.post-gazette.com\/photos\/wp-content\/uploads\/sites\/5\/2022\/06\/20220607ng_Howell11-scaled.jpg?fit=2560%2C1533&amp;ssl=1\" data-orig-size=\"2560,1533\" data-comments-opened=\"0\" data-image-meta=\"{&quot;aperture&quot;:&quot;2.8&quot;,&quot;credit&quot;:&quot;Post-Gazette&quot;,&quot;camera&quot;:&quot;NIKON D850&quot;,&quot;caption&quot;:&quot;PLEASE WITHHOLD MY BYLINE\\\/CREDIT.) For Goodness. Donald Howell, a beloved custodian, looks on as students and faculty sing \\u201cThank You for Being a Friend\\u201d  during an assembly in his Mr. Howell\\u2019s honor at Wyland Elementary School Tuesday, June 7, 2022, in Allison Park. Mr. Howell is retiring after more than 30 year. (Nate Guidry\\\/Post-Gazette)&quot;,&quot;created_timestamp&quot;:&quot;1654610861&quot;,&quot;copyright&quot;:&quot;&quot;,&quot;focal_length&quot;:&quot;24&quot;,&quot;iso&quot;:&quot;3200&quot;,&quot;shutter_speed&quot;:&quot;0.02&quot;,&quot;title&quot;:&quot;&quot;,&quot;orientation&quot;:&quot;1&quot;}\" data-image-title=\"20220607ng_Howell11\" data-image-description=\"\" data-image-caption=\"&lt;p&gt;PLEASE WITHHOLD MY BYLINE\/CREDIT.) For Goodness. Donald Howell, a beloved custodian, looks on as students and faculty sing \u201cThank You for Being a Friend\u201d  during an assembly in his Mr. Howell\u2019s honor at Wyland Elementary School Tuesday, June 7, 2022, in Allison Park. Mr. Howell is retiring after more than 30 year. (Nate Guidry\/Post-Gazette)&lt;\/p&gt;\n\" data-medium-file=\"https:\/\/i0.wp.com\/newsinteractive.post-gazette.com\/photos\/wp-content\/uploads\/sites\/5\/2022\/06\/20220607ng_Howell11-scaled.jpg?fit=300%2C180&amp;ssl=1\" data-large-file=\"https:\/\/i0.wp.com\/newsinteractive.post-gazette.com\/photos\/wp-content\/uploads\/sites\/5\/2022\/06\/20220607ng_Howell11-scaled.jpg?fit=848%2C508&amp;ssl=1\" class=\"size-full wp-image-30153\" src=\"https:\/\/i0.wp.com\/newsinteractive.post-gazette.com\/photos\/wp-content\/uploads\/sites\/5\/2022\/06\/20220607ng_Howell11-scaled.jpg?resize=848%2C508&#038;ssl=1\" alt=\"\" width=\"848\" height=\"508\" srcset=\"https:\/\/i0.wp.com\/newsinteractive.post-gazette.com\/photos\/wp-content\/uploads\/sites\/5\/2022\/06\/20220607ng_Howell11-scaled.jpg?w=2560&amp;ssl=1 2560w, https:\/\/i0.wp.com\/newsinteractive.post-gazette.com\/photos\/wp-content\/uploads\/sites\/5\/2022\/06\/20220607ng_Howell11-scaled.jpg?resize=300%2C180&amp;ssl=1 300w, https:\/\/i0.wp.com\/newsinteractive.post-gazette.com\/photos\/wp-content\/uploads\/sites\/5\/2022\/06\/20220607ng_Howell11-scaled.jpg?resize=1024%2C613&amp;ssl=1 1024w, https:\/\/i0.wp.com\/newsinteractive.post-gazette.com\/photos\/wp-content\/uploads\/sites\/5\/2022\/06\/20220607ng_Howell11-scaled.jpg?resize=426%2C255&amp;ssl=1 426w, https:\/\/i0.wp.com\/newsinteractive.post-gazette.com\/photos\/wp-content\/uploads\/sites\/5\/2022\/06\/20220607ng_Howell11-scaled.jpg?resize=1536%2C920&amp;ssl=1 1536w, https:\/\/i0.wp.com\/newsinteractive.post-gazette.com\/photos\/wp-content\/uploads\/sites\/5\/2022\/06\/20220607ng_Howell11-scaled.jpg?resize=2048%2C1226&amp;ssl=1 2048w, https:\/\/i0.wp.com\/newsinteractive.post-gazette.com\/photos\/wp-content\/uploads\/sites\/5\/2022\/06\/20220607ng_Howell11-scaled.jpg?w=1696&amp;ssl=1 1696w\" sizes=\"(max-width: 848px) 100vw, 848px\" data-recalc-dims=\"1\" \/><figcaption id=\"caption-attachment-30153\" class=\"wp-caption-text\">Donald Howell, a beloved custodian, looks on as students and faculty sing \u201cThank You for Being a Friend\u201d during an assembly in his Mr. Howell\u2019s honor at Wyland Elementary School Tuesday, June 7, 2022, in Allison Park. Mr. Howell is retiring after more than 30 year. (Post-Gazette)<\/figcaption><\/figure>\n<figure id=\"attachment_30139\" aria-describedby=\"caption-attachment-30139\" style=\"width: 2400px\" class=\"wp-caption aligncenter\"><img loading=\"lazy\" decoding=\"async\" data-attachment-id=\"30139\" data-permalink=\"https:\/\/newsinteractive.post-gazette.com\/photos\/2022\/06\/06\/week-in-photos-june-5-11-2022\/american-countess\/\" data-orig-file=\"https:\/\/i0.wp.com\/newsinteractive.post-gazette.com\/photos\/wp-content\/uploads\/sites\/5\/2022\/06\/20220607awCountess02.jpg?fit=2400%2C1600&amp;ssl=1\" data-orig-size=\"2400,1600\" data-comments-opened=\"0\" data-image-meta=\"{&quot;aperture&quot;:&quot;5&quot;,&quot;credit&quot;:&quot;Alexandra Wimley\\\/Post-Gazette&quot;,&quot;camera&quot;:&quot;ILCE-9M2&quot;,&quot;caption&quot;:&quot;The American Countess, a New Orleans-style steamboat, is docked in the Allegheny River on the North Shore, Tuesday, June 7, 2022, at the end of a cruise from Louisville to Pittsburgh. (Alexandra Wimley\\\/Post-Gazette)\\n\\nriverboat0607, Alecia Taylor reporting&quot;,&quot;created_timestamp&quot;:&quot;1654616622&quot;,&quot;copyright&quot;:&quot;Pittsburgh Post-Gazette&quot;,&quot;focal_length&quot;:&quot;54&quot;,&quot;iso&quot;:&quot;400&quot;,&quot;shutter_speed&quot;:&quot;0.001&quot;,&quot;title&quot;:&quot;American Countess&quot;,&quot;orientation&quot;:&quot;1&quot;}\" data-image-title=\"American Countess\" data-image-description=\"\" data-image-caption=\"&lt;p&gt;The American Countess, a New Orleans-style steamboat, is docked in the Allegheny River on the North Shore, Tuesday, June 7, 2022, at the end of a cruise from Louisville to Pittsburgh. (Alexandra Wimley\/Post-Gazette)&lt;\/p&gt;\n&lt;p&gt;riverboat0607, Alecia Taylor reporting&lt;\/p&gt;\n\" data-medium-file=\"https:\/\/i0.wp.com\/newsinteractive.post-gazette.com\/photos\/wp-content\/uploads\/sites\/5\/2022\/06\/20220607awCountess02.jpg?fit=300%2C200&amp;ssl=1\" data-large-file=\"https:\/\/i0.wp.com\/newsinteractive.post-gazette.com\/photos\/wp-content\/uploads\/sites\/5\/2022\/06\/20220607awCountess02.jpg?fit=848%2C566&amp;ssl=1\" class=\"size-full wp-image-30139\" src=\"https:\/\/i0.wp.com\/newsinteractive.post-gazette.com\/photos\/wp-content\/uploads\/sites\/5\/2022\/06\/20220607awCountess02.jpg?resize=848%2C565&#038;ssl=1\" alt=\"\" width=\"848\" height=\"565\" srcset=\"https:\/\/i0.wp.com\/newsinteractive.post-gazette.com\/photos\/wp-content\/uploads\/sites\/5\/2022\/06\/20220607awCountess02.jpg?w=2400&amp;ssl=1 2400w, https:\/\/i0.wp.com\/newsinteractive.post-gazette.com\/photos\/wp-content\/uploads\/sites\/5\/2022\/06\/20220607awCountess02.jpg?resize=300%2C200&amp;ssl=1 300w, https:\/\/i0.wp.com\/newsinteractive.post-gazette.com\/photos\/wp-content\/uploads\/sites\/5\/2022\/06\/20220607awCountess02.jpg?resize=1024%2C683&amp;ssl=1 1024w, https:\/\/i0.wp.com\/newsinteractive.post-gazette.com\/photos\/wp-content\/uploads\/sites\/5\/2022\/06\/20220607awCountess02.jpg?resize=383%2C255&amp;ssl=1 383w, https:\/\/i0.wp.com\/newsinteractive.post-gazette.com\/photos\/wp-content\/uploads\/sites\/5\/2022\/06\/20220607awCountess02.jpg?resize=1536%2C1024&amp;ssl=1 1536w, https:\/\/i0.wp.com\/newsinteractive.post-gazette.com\/photos\/wp-content\/uploads\/sites\/5\/2022\/06\/20220607awCountess02.jpg?resize=2048%2C1365&amp;ssl=1 2048w, https:\/\/i0.wp.com\/newsinteractive.post-gazette.com\/photos\/wp-content\/uploads\/sites\/5\/2022\/06\/20220607awCountess02.jpg?w=1696&amp;ssl=1 1696w\" sizes=\"(max-width: 848px) 100vw, 848px\" data-recalc-dims=\"1\" \/><figcaption id=\"caption-attachment-30139\" class=\"wp-caption-text\">The American Countess, a New Orleans-style steamboat, is docked in the Allegheny River on the North Shore, Tuesday, June 7, 2022, at the end of a cruise from Louisville to Pittsburgh. (Alexandra Wimley\/Post-Gazette)<\/figcaption><\/figure>\n<figure id=\"attachment_30140\" aria-describedby=\"caption-attachment-30140\" style=\"width: 2400px\" class=\"wp-caption aligncenter\"><img loading=\"lazy\" decoding=\"async\" data-attachment-id=\"30140\" data-permalink=\"https:\/\/newsinteractive.post-gazette.com\/photos\/2022\/06\/06\/week-in-photos-june-5-11-2022\/american-countess-2\/\" data-orig-file=\"https:\/\/i0.wp.com\/newsinteractive.post-gazette.com\/photos\/wp-content\/uploads\/sites\/5\/2022\/06\/20220607awCountess04.jpg?fit=2400%2C1600&amp;ssl=1\" data-orig-size=\"2400,1600\" data-comments-opened=\"0\" data-image-meta=\"{&quot;aperture&quot;:&quot;5&quot;,&quot;credit&quot;:&quot;Alexandra Wimley\\\/Post-Gazette&quot;,&quot;camera&quot;:&quot;ILCE-9M2&quot;,&quot;caption&quot;:&quot;A person stops to look at the American Countess, a New Orleans-style steamboat, which is docked in the Allegheny River on the North Shore, Tuesday, June 7, 2022, at the end of a cruise from Louisville to Pittsburgh. (Alexandra Wimley\\\/Post-Gazette)\\n\\nriverboat0607, Alecia Taylor reporting&quot;,&quot;created_timestamp&quot;:&quot;1654616644&quot;,&quot;copyright&quot;:&quot;Pittsburgh Post-Gazette&quot;,&quot;focal_length&quot;:&quot;34&quot;,&quot;iso&quot;:&quot;400&quot;,&quot;shutter_speed&quot;:&quot;0.00125&quot;,&quot;title&quot;:&quot;American Countess&quot;,&quot;orientation&quot;:&quot;1&quot;}\" data-image-title=\"American Countess\" data-image-description=\"\" data-image-caption=\"&lt;p&gt;A person stops to look at the American Countess, a New Orleans-style steamboat, which is docked in the Allegheny River on the North Shore, Tuesday, June 7, 2022, at the end of a cruise from Louisville to Pittsburgh. (Alexandra Wimley\/Post-Gazette)&lt;\/p&gt;\n&lt;p&gt;riverboat0607, Alecia Taylor reporting&lt;\/p&gt;\n\" data-medium-file=\"https:\/\/i0.wp.com\/newsinteractive.post-gazette.com\/photos\/wp-content\/uploads\/sites\/5\/2022\/06\/20220607awCountess04.jpg?fit=300%2C200&amp;ssl=1\" data-large-file=\"https:\/\/i0.wp.com\/newsinteractive.post-gazette.com\/photos\/wp-content\/uploads\/sites\/5\/2022\/06\/20220607awCountess04.jpg?fit=848%2C566&amp;ssl=1\" class=\"size-full wp-image-30140\" src=\"https:\/\/i0.wp.com\/newsinteractive.post-gazette.com\/photos\/wp-content\/uploads\/sites\/5\/2022\/06\/20220607awCountess04.jpg?resize=848%2C565&#038;ssl=1\" alt=\"\" width=\"848\" height=\"565\" srcset=\"https:\/\/i0.wp.com\/newsinteractive.post-gazette.com\/photos\/wp-content\/uploads\/sites\/5\/2022\/06\/20220607awCountess04.jpg?w=2400&amp;ssl=1 2400w, https:\/\/i0.wp.com\/newsinteractive.post-gazette.com\/photos\/wp-content\/uploads\/sites\/5\/2022\/06\/20220607awCountess04.jpg?resize=300%2C200&amp;ssl=1 300w, https:\/\/i0.wp.com\/newsinteractive.post-gazette.com\/photos\/wp-content\/uploads\/sites\/5\/2022\/06\/20220607awCountess04.jpg?resize=1024%2C683&amp;ssl=1 1024w, https:\/\/i0.wp.com\/newsinteractive.post-gazette.com\/photos\/wp-content\/uploads\/sites\/5\/2022\/06\/20220607awCountess04.jpg?resize=383%2C255&amp;ssl=1 383w, https:\/\/i0.wp.com\/newsinteractive.post-gazette.com\/photos\/wp-content\/uploads\/sites\/5\/2022\/06\/20220607awCountess04.jpg?resize=1536%2C1024&amp;ssl=1 1536w, https:\/\/i0.wp.com\/newsinteractive.post-gazette.com\/photos\/wp-content\/uploads\/sites\/5\/2022\/06\/20220607awCountess04.jpg?resize=2048%2C1365&amp;ssl=1 2048w, https:\/\/i0.wp.com\/newsinteractive.post-gazette.com\/photos\/wp-content\/uploads\/sites\/5\/2022\/06\/20220607awCountess04.jpg?w=1696&amp;ssl=1 1696w\" sizes=\"(max-width: 848px) 100vw, 848px\" data-recalc-dims=\"1\" \/><figcaption id=\"caption-attachment-30140\" class=\"wp-caption-text\">A person stops to look at the American Countess, a New Orleans-style steamboat, which is docked in the Allegheny River on the North Shore, Tuesday, June 7, 2022, at the end of a cruise from Louisville to Pittsburgh. (Alexandra Wimley\/Post-Gazette)<\/figcaption><\/figure>\n<figure id=\"attachment_30141\" aria-describedby=\"caption-attachment-30141\" style=\"width: 2400px\" class=\"wp-caption aligncenter\"><img loading=\"lazy\" decoding=\"async\" data-attachment-id=\"30141\" data-permalink=\"https:\/\/newsinteractive.post-gazette.com\/photos\/2022\/06\/06\/week-in-photos-june-5-11-2022\/american-countess-3\/\" data-orig-file=\"https:\/\/i0.wp.com\/newsinteractive.post-gazette.com\/photos\/wp-content\/uploads\/sites\/5\/2022\/06\/20220607awCountess06.jpg?fit=2400%2C1600&amp;ssl=1\" data-orig-size=\"2400,1600\" data-comments-opened=\"0\" data-image-meta=\"{&quot;aperture&quot;:&quot;5&quot;,&quot;credit&quot;:&quot;Alexandra Wimley\\\/Post-Gazette&quot;,&quot;camera&quot;:&quot;ILCE-9M2&quot;,&quot;caption&quot;:&quot;The American Countess, a New Orleans-style steamboat, is docked in the Allegheny River on the North Shore, Tuesday, June 7, 2022, at the end of a cruise from Louisville to Pittsburgh. (Alexandra Wimley\\\/Post-Gazette)\\n\\nriverboat0607, Alecia Taylor reporting&quot;,&quot;created_timestamp&quot;:&quot;1654616875&quot;,&quot;copyright&quot;:&quot;Pittsburgh Post-Gazette&quot;,&quot;focal_length&quot;:&quot;24&quot;,&quot;iso&quot;:&quot;400&quot;,&quot;shutter_speed&quot;:&quot;0.0003125&quot;,&quot;title&quot;:&quot;American Countess&quot;,&quot;orientation&quot;:&quot;1&quot;}\" data-image-title=\"American Countess\" data-image-description=\"\" data-image-caption=\"&lt;p&gt;The American Countess, a New Orleans-style steamboat, is docked in the Allegheny River on the North Shore, Tuesday, June 7, 2022, at the end of a cruise from Louisville to Pittsburgh. (Alexandra Wimley\/Post-Gazette)&lt;\/p&gt;\n&lt;p&gt;riverboat0607, Alecia Taylor reporting&lt;\/p&gt;\n\" data-medium-file=\"https:\/\/i0.wp.com\/newsinteractive.post-gazette.com\/photos\/wp-content\/uploads\/sites\/5\/2022\/06\/20220607awCountess06.jpg?fit=300%2C200&amp;ssl=1\" data-large-file=\"https:\/\/i0.wp.com\/newsinteractive.post-gazette.com\/photos\/wp-content\/uploads\/sites\/5\/2022\/06\/20220607awCountess06.jpg?fit=848%2C566&amp;ssl=1\" class=\"size-full wp-image-30141\" src=\"https:\/\/i0.wp.com\/newsinteractive.post-gazette.com\/photos\/wp-content\/uploads\/sites\/5\/2022\/06\/20220607awCountess06.jpg?resize=848%2C565&#038;ssl=1\" alt=\"\" width=\"848\" height=\"565\" srcset=\"https:\/\/i0.wp.com\/newsinteractive.post-gazette.com\/photos\/wp-content\/uploads\/sites\/5\/2022\/06\/20220607awCountess06.jpg?w=2400&amp;ssl=1 2400w, https:\/\/i0.wp.com\/newsinteractive.post-gazette.com\/photos\/wp-content\/uploads\/sites\/5\/2022\/06\/20220607awCountess06.jpg?resize=300%2C200&amp;ssl=1 300w, https:\/\/i0.wp.com\/newsinteractive.post-gazette.com\/photos\/wp-content\/uploads\/sites\/5\/2022\/06\/20220607awCountess06.jpg?resize=1024%2C683&amp;ssl=1 1024w, https:\/\/i0.wp.com\/newsinteractive.post-gazette.com\/photos\/wp-content\/uploads\/sites\/5\/2022\/06\/20220607awCountess06.jpg?resize=383%2C255&amp;ssl=1 383w, https:\/\/i0.wp.com\/newsinteractive.post-gazette.com\/photos\/wp-content\/uploads\/sites\/5\/2022\/06\/20220607awCountess06.jpg?resize=1536%2C1024&amp;ssl=1 1536w, https:\/\/i0.wp.com\/newsinteractive.post-gazette.com\/photos\/wp-content\/uploads\/sites\/5\/2022\/06\/20220607awCountess06.jpg?resize=2048%2C1365&amp;ssl=1 2048w, https:\/\/i0.wp.com\/newsinteractive.post-gazette.com\/photos\/wp-content\/uploads\/sites\/5\/2022\/06\/20220607awCountess06.jpg?w=1696&amp;ssl=1 1696w\" sizes=\"(max-width: 848px) 100vw, 848px\" data-recalc-dims=\"1\" \/><figcaption id=\"caption-attachment-30141\" class=\"wp-caption-text\">The American Countess, a New Orleans-style steamboat, is docked in the Allegheny River on the North Shore, Tuesday, June 7, 2022, at the end of a cruise from Louisville to Pittsburgh. (Alexandra Wimley\/Post-Gazette)<\/figcaption><\/figure>\n<figure id=\"attachment_30142\" aria-describedby=\"caption-attachment-30142\" style=\"width: 2400px\" class=\"wp-caption aligncenter\"><img loading=\"lazy\" decoding=\"async\" data-attachment-id=\"30142\" data-permalink=\"https:\/\/newsinteractive.post-gazette.com\/photos\/2022\/06\/06\/week-in-photos-june-5-11-2022\/american-countess-4\/\" data-orig-file=\"https:\/\/i0.wp.com\/newsinteractive.post-gazette.com\/photos\/wp-content\/uploads\/sites\/5\/2022\/06\/20220607awCountess08.jpg?fit=2400%2C1600&amp;ssl=1\" data-orig-size=\"2400,1600\" data-comments-opened=\"0\" data-image-meta=\"{&quot;aperture&quot;:&quot;5&quot;,&quot;credit&quot;:&quot;Alexandra Wimley\\\/Post-Gazette&quot;,&quot;camera&quot;:&quot;ILCE-9M2&quot;,&quot;caption&quot;:&quot;The American Countess, a New Orleans-style steamboat, is docked in the Allegheny River on the North Shore, Tuesday, June 7, 2022, at the end of a cruise from Louisville to Pittsburgh. (Alexandra Wimley\\\/Post-Gazette)\\n\\nriverboat0607, Alecia Taylor reporting&quot;,&quot;created_timestamp&quot;:&quot;1654616950&quot;,&quot;copyright&quot;:&quot;Pittsburgh Post-Gazette&quot;,&quot;focal_length&quot;:&quot;24&quot;,&quot;iso&quot;:&quot;400&quot;,&quot;shutter_speed&quot;:&quot;0.0004&quot;,&quot;title&quot;:&quot;American Countess&quot;,&quot;orientation&quot;:&quot;1&quot;}\" data-image-title=\"American Countess\" data-image-description=\"\" data-image-caption=\"&lt;p&gt;The American Countess, a New Orleans-style steamboat, is docked in the Allegheny River on the North Shore, Tuesday, June 7, 2022, at the end of a cruise from Louisville to Pittsburgh. (Alexandra Wimley\/Post-Gazette)&lt;\/p&gt;\n&lt;p&gt;riverboat0607, Alecia Taylor reporting&lt;\/p&gt;\n\" data-medium-file=\"https:\/\/i0.wp.com\/newsinteractive.post-gazette.com\/photos\/wp-content\/uploads\/sites\/5\/2022\/06\/20220607awCountess08.jpg?fit=300%2C200&amp;ssl=1\" data-large-file=\"https:\/\/i0.wp.com\/newsinteractive.post-gazette.com\/photos\/wp-content\/uploads\/sites\/5\/2022\/06\/20220607awCountess08.jpg?fit=848%2C566&amp;ssl=1\" class=\"size-full wp-image-30142\" src=\"https:\/\/i0.wp.com\/newsinteractive.post-gazette.com\/photos\/wp-content\/uploads\/sites\/5\/2022\/06\/20220607awCountess08.jpg?resize=848%2C565&#038;ssl=1\" alt=\"\" width=\"848\" height=\"565\" srcset=\"https:\/\/i0.wp.com\/newsinteractive.post-gazette.com\/photos\/wp-content\/uploads\/sites\/5\/2022\/06\/20220607awCountess08.jpg?w=2400&amp;ssl=1 2400w, https:\/\/i0.wp.com\/newsinteractive.post-gazette.com\/photos\/wp-content\/uploads\/sites\/5\/2022\/06\/20220607awCountess08.jpg?resize=300%2C200&amp;ssl=1 300w, https:\/\/i0.wp.com\/newsinteractive.post-gazette.com\/photos\/wp-content\/uploads\/sites\/5\/2022\/06\/20220607awCountess08.jpg?resize=1024%2C683&amp;ssl=1 1024w, https:\/\/i0.wp.com\/newsinteractive.post-gazette.com\/photos\/wp-content\/uploads\/sites\/5\/2022\/06\/20220607awCountess08.jpg?resize=383%2C255&amp;ssl=1 383w, https:\/\/i0.wp.com\/newsinteractive.post-gazette.com\/photos\/wp-content\/uploads\/sites\/5\/2022\/06\/20220607awCountess08.jpg?resize=1536%2C1024&amp;ssl=1 1536w, https:\/\/i0.wp.com\/newsinteractive.post-gazette.com\/photos\/wp-content\/uploads\/sites\/5\/2022\/06\/20220607awCountess08.jpg?resize=2048%2C1365&amp;ssl=1 2048w, https:\/\/i0.wp.com\/newsinteractive.post-gazette.com\/photos\/wp-content\/uploads\/sites\/5\/2022\/06\/20220607awCountess08.jpg?w=1696&amp;ssl=1 1696w\" sizes=\"(max-width: 848px) 100vw, 848px\" data-recalc-dims=\"1\" \/><figcaption id=\"caption-attachment-30142\" class=\"wp-caption-text\">The American Countess, a New Orleans-style steamboat, is docked in the Allegheny River on the North Shore, Tuesday, June 7, 2022, at the end of a cruise from Louisville to Pittsburgh. (Alexandra Wimley\/Post-Gazette)<\/figcaption><\/figure>\n<figure id=\"attachment_30143\" aria-describedby=\"caption-attachment-30143\" style=\"width: 2000px\" class=\"wp-caption aligncenter\"><img loading=\"lazy\" decoding=\"async\" data-attachment-id=\"30143\" data-permalink=\"https:\/\/newsinteractive.post-gazette.com\/photos\/2022\/06\/06\/week-in-photos-june-5-11-2022\/20220607ppfivedollargasloc\/\" data-orig-file=\"https:\/\/i0.wp.com\/newsinteractive.post-gazette.com\/photos\/wp-content\/uploads\/sites\/5\/2022\/06\/20220607ppFiveDollarGas1LOC.jpg?fit=2000%2C1390&amp;ssl=1\" data-orig-size=\"2000,1390\" data-comments-opened=\"0\" data-image-meta=\"{&quot;aperture&quot;:&quot;3.5&quot;,&quot;credit&quot;:&quot;Pam Panchak\\\/Post-Gazette&quot;,&quot;camera&quot;:&quot;NIKON D4S&quot;,&quot;caption&quot;:&quot;Gerald Thompson, of Swissvale, fills up at the BP station on S. Braddock Avenue Tuesday, June 7, 2022, in Swissvale. (Pam Panchak\\\/Post-Gazette)&quot;,&quot;created_timestamp&quot;:&quot;1654609179&quot;,&quot;copyright&quot;:&quot;Pittsburgh Post-Gazette&quot;,&quot;focal_length&quot;:&quot;200&quot;,&quot;iso&quot;:&quot;400&quot;,&quot;shutter_speed&quot;:&quot;0.004&quot;,&quot;title&quot;:&quot;20220607ppFiveDollarGasLOC&quot;,&quot;orientation&quot;:&quot;1&quot;}\" data-image-title=\"20220607ppFiveDollarGasLOC\" data-image-description=\"\" data-image-caption=\"&lt;p&gt;Gerald Thompson, of Swissvale, fills up at the BP station on S. Braddock Avenue Tuesday, June 7, 2022, in Swissvale. (Pam Panchak\/Post-Gazette)&lt;\/p&gt;\n\" data-medium-file=\"https:\/\/i0.wp.com\/newsinteractive.post-gazette.com\/photos\/wp-content\/uploads\/sites\/5\/2022\/06\/20220607ppFiveDollarGas1LOC.jpg?fit=300%2C209&amp;ssl=1\" data-large-file=\"https:\/\/i0.wp.com\/newsinteractive.post-gazette.com\/photos\/wp-content\/uploads\/sites\/5\/2022\/06\/20220607ppFiveDollarGas1LOC.jpg?fit=848%2C590&amp;ssl=1\" class=\"size-full wp-image-30143\" src=\"https:\/\/i0.wp.com\/newsinteractive.post-gazette.com\/photos\/wp-content\/uploads\/sites\/5\/2022\/06\/20220607ppFiveDollarGas1LOC.jpg?resize=848%2C589&#038;ssl=1\" alt=\"\" width=\"848\" height=\"589\" srcset=\"https:\/\/i0.wp.com\/newsinteractive.post-gazette.com\/photos\/wp-content\/uploads\/sites\/5\/2022\/06\/20220607ppFiveDollarGas1LOC.jpg?w=2000&amp;ssl=1 2000w, https:\/\/i0.wp.com\/newsinteractive.post-gazette.com\/photos\/wp-content\/uploads\/sites\/5\/2022\/06\/20220607ppFiveDollarGas1LOC.jpg?resize=300%2C209&amp;ssl=1 300w, https:\/\/i0.wp.com\/newsinteractive.post-gazette.com\/photos\/wp-content\/uploads\/sites\/5\/2022\/06\/20220607ppFiveDollarGas1LOC.jpg?resize=1024%2C712&amp;ssl=1 1024w, https:\/\/i0.wp.com\/newsinteractive.post-gazette.com\/photos\/wp-content\/uploads\/sites\/5\/2022\/06\/20220607ppFiveDollarGas1LOC.jpg?resize=367%2C255&amp;ssl=1 367w, https:\/\/i0.wp.com\/newsinteractive.post-gazette.com\/photos\/wp-content\/uploads\/sites\/5\/2022\/06\/20220607ppFiveDollarGas1LOC.jpg?resize=1536%2C1068&amp;ssl=1 1536w, https:\/\/i0.wp.com\/newsinteractive.post-gazette.com\/photos\/wp-content\/uploads\/sites\/5\/2022\/06\/20220607ppFiveDollarGas1LOC.jpg?w=1696&amp;ssl=1 1696w\" sizes=\"(max-width: 848px) 100vw, 848px\" data-recalc-dims=\"1\" \/><figcaption id=\"caption-attachment-30143\" class=\"wp-caption-text\">Gerald Thompson, of Swissvale, fills up at the BP station on S. Braddock Avenue Tuesday, June 7, 2022, in Swissvale. (Pam Panchak\/Post-Gazette)<\/figcaption><\/figure>\n<figure id=\"attachment_30144\" aria-describedby=\"caption-attachment-30144\" style=\"width: 2000px\" class=\"wp-caption aligncenter\"><img loading=\"lazy\" decoding=\"async\" data-attachment-id=\"30144\" data-permalink=\"https:\/\/newsinteractive.post-gazette.com\/photos\/2022\/06\/06\/week-in-photos-june-5-11-2022\/20220607ppfivedollargasloc-2\/\" data-orig-file=\"https:\/\/i0.wp.com\/newsinteractive.post-gazette.com\/photos\/wp-content\/uploads\/sites\/5\/2022\/06\/20220607ppFiveDollarGas2LOC.jpg?fit=2000%2C1700&amp;ssl=1\" data-orig-size=\"2000,1700\" data-comments-opened=\"0\" data-image-meta=\"{&quot;aperture&quot;:&quot;3.5&quot;,&quot;credit&quot;:&quot;Pam Panchak\\\/Post-Gazette&quot;,&quot;camera&quot;:&quot;NIKON D4S&quot;,&quot;caption&quot;:&quot;A customer fills up at the BP station on S. Braddock Avenue Tuesday, June 7, 2022, in Swissvale. (Pam Panchak\\\/Post-Gazette)&quot;,&quot;created_timestamp&quot;:&quot;1654609131&quot;,&quot;copyright&quot;:&quot;Pittsburgh Post-Gazette&quot;,&quot;focal_length&quot;:&quot;200&quot;,&quot;iso&quot;:&quot;400&quot;,&quot;shutter_speed&quot;:&quot;0.004&quot;,&quot;title&quot;:&quot;20220607ppFiveDollarGasLOC&quot;,&quot;orientation&quot;:&quot;1&quot;}\" data-image-title=\"20220607ppFiveDollarGasLOC\" data-image-description=\"\" data-image-caption=\"&lt;p&gt;A customer fills up at the BP station on S. Braddock Avenue Tuesday, June 7, 2022, in Swissvale. (Pam Panchak\/Post-Gazette)&lt;\/p&gt;\n\" data-medium-file=\"https:\/\/i0.wp.com\/newsinteractive.post-gazette.com\/photos\/wp-content\/uploads\/sites\/5\/2022\/06\/20220607ppFiveDollarGas2LOC.jpg?fit=300%2C255&amp;ssl=1\" data-large-file=\"https:\/\/i0.wp.com\/newsinteractive.post-gazette.com\/photos\/wp-content\/uploads\/sites\/5\/2022\/06\/20220607ppFiveDollarGas2LOC.jpg?fit=848%2C720&amp;ssl=1\" class=\"size-full wp-image-30144\" src=\"https:\/\/i0.wp.com\/newsinteractive.post-gazette.com\/photos\/wp-content\/uploads\/sites\/5\/2022\/06\/20220607ppFiveDollarGas2LOC.jpg?resize=848%2C721&#038;ssl=1\" alt=\"\" width=\"848\" height=\"721\" srcset=\"https:\/\/i0.wp.com\/newsinteractive.post-gazette.com\/photos\/wp-content\/uploads\/sites\/5\/2022\/06\/20220607ppFiveDollarGas2LOC.jpg?w=2000&amp;ssl=1 2000w, https:\/\/i0.wp.com\/newsinteractive.post-gazette.com\/photos\/wp-content\/uploads\/sites\/5\/2022\/06\/20220607ppFiveDollarGas2LOC.jpg?resize=300%2C255&amp;ssl=1 300w, https:\/\/i0.wp.com\/newsinteractive.post-gazette.com\/photos\/wp-content\/uploads\/sites\/5\/2022\/06\/20220607ppFiveDollarGas2LOC.jpg?resize=1024%2C870&amp;ssl=1 1024w, https:\/\/i0.wp.com\/newsinteractive.post-gazette.com\/photos\/wp-content\/uploads\/sites\/5\/2022\/06\/20220607ppFiveDollarGas2LOC.jpg?resize=1536%2C1306&amp;ssl=1 1536w, https:\/\/i0.wp.com\/newsinteractive.post-gazette.com\/photos\/wp-content\/uploads\/sites\/5\/2022\/06\/20220607ppFiveDollarGas2LOC.jpg?w=1696&amp;ssl=1 1696w\" sizes=\"(max-width: 848px) 100vw, 848px\" data-recalc-dims=\"1\" \/><figcaption id=\"caption-attachment-30144\" class=\"wp-caption-text\">A customer fills up at the BP station on S. Braddock Avenue Tuesday, June 7, 2022, in Swissvale. (Pam Panchak\/Post-Gazette)<\/figcaption><\/figure>\n<figure id=\"attachment_30136\" aria-describedby=\"caption-attachment-30136\" style=\"width: 1433px\" class=\"wp-caption aligncenter\"><img loading=\"lazy\" decoding=\"async\" data-attachment-id=\"30136\" data-permalink=\"https:\/\/newsinteractive.post-gazette.com\/photos\/2022\/06\/06\/week-in-photos-june-5-11-2022\/20220606mfstandalone01loc-2\/\" data-orig-file=\"https:\/\/i0.wp.com\/newsinteractive.post-gazette.com\/photos\/wp-content\/uploads\/sites\/5\/2022\/06\/20220606MFstandalone01LOC-1-scaled.jpg?fit=1433%2C2560&amp;ssl=1\" data-orig-size=\"1433,2560\" data-comments-opened=\"0\" data-image-meta=\"{&quot;aperture&quot;:&quot;9&quot;,&quot;credit&quot;:&quot;(Mary Flavin\\\/Post-Gazette)&quot;,&quot;camera&quot;:&quot;NIKON D3&quot;,&quot;caption&quot;:&quot;The Incline, one of the staple marks of Pittsburgh, looked out across the city on Monday June 6, 2022. (Mary Flavin\\\/Post-Gazette)&quot;,&quot;created_timestamp&quot;:&quot;1654529209&quot;,&quot;copyright&quot;:&quot;&quot;,&quot;focal_length&quot;:&quot;250&quot;,&quot;iso&quot;:&quot;2500&quot;,&quot;shutter_speed&quot;:&quot;0.003125&quot;,&quot;title&quot;:&quot;&quot;,&quot;orientation&quot;:&quot;1&quot;}\" data-image-title=\"20220606MFstandalone01LOC\" data-image-description=\"\" data-image-caption=\"&lt;p&gt;The Incline, one of the staple marks of Pittsburgh, looked out across the city on Monday June 6, 2022. (Mary Flavin\/Post-Gazette)&lt;\/p&gt;\n\" data-medium-file=\"https:\/\/i0.wp.com\/newsinteractive.post-gazette.com\/photos\/wp-content\/uploads\/sites\/5\/2022\/06\/20220606MFstandalone01LOC-1-scaled.jpg?fit=168%2C300&amp;ssl=1\" data-large-file=\"https:\/\/i0.wp.com\/newsinteractive.post-gazette.com\/photos\/wp-content\/uploads\/sites\/5\/2022\/06\/20220606MFstandalone01LOC-1-scaled.jpg?fit=573%2C1024&amp;ssl=1\" class=\"size-full wp-image-30136\" src=\"https:\/\/i0.wp.com\/newsinteractive.post-gazette.com\/photos\/wp-content\/uploads\/sites\/5\/2022\/06\/20220606MFstandalone01LOC-1-scaled.jpg?resize=848%2C1515&#038;ssl=1\" alt=\"\" width=\"848\" height=\"1515\" srcset=\"https:\/\/i0.wp.com\/newsinteractive.post-gazette.com\/photos\/wp-content\/uploads\/sites\/5\/2022\/06\/20220606MFstandalone01LOC-1-scaled.jpg?w=1433&amp;ssl=1 1433w, https:\/\/i0.wp.com\/newsinteractive.post-gazette.com\/photos\/wp-content\/uploads\/sites\/5\/2022\/06\/20220606MFstandalone01LOC-1-scaled.jpg?resize=168%2C300&amp;ssl=1 168w, https:\/\/i0.wp.com\/newsinteractive.post-gazette.com\/photos\/wp-content\/uploads\/sites\/5\/2022\/06\/20220606MFstandalone01LOC-1-scaled.jpg?resize=573%2C1024&amp;ssl=1 573w, https:\/\/i0.wp.com\/newsinteractive.post-gazette.com\/photos\/wp-content\/uploads\/sites\/5\/2022\/06\/20220606MFstandalone01LOC-1-scaled.jpg?resize=143%2C255&amp;ssl=1 143w, https:\/\/i0.wp.com\/newsinteractive.post-gazette.com\/photos\/wp-content\/uploads\/sites\/5\/2022\/06\/20220606MFstandalone01LOC-1-scaled.jpg?resize=860%2C1536&amp;ssl=1 860w, https:\/\/i0.wp.com\/newsinteractive.post-gazette.com\/photos\/wp-content\/uploads\/sites\/5\/2022\/06\/20220606MFstandalone01LOC-1-scaled.jpg?resize=1146%2C2048&amp;ssl=1 1146w\" sizes=\"(max-width: 848px) 100vw, 848px\" data-recalc-dims=\"1\" \/><figcaption id=\"caption-attachment-30136\" class=\"wp-caption-text\">The Incline, one of the staple marks of Pittsburgh, looked out across the city on Monday June 6, 2022. (Mary Flavin\/Post-Gazette)<\/figcaption><\/figure>\n<figure id=\"attachment_30137\" aria-describedby=\"caption-attachment-30137\" style=\"width: 2560px\" class=\"wp-caption aligncenter\"><img loading=\"lazy\" decoding=\"async\" data-attachment-id=\"30137\" data-permalink=\"https:\/\/newsinteractive.post-gazette.com\/photos\/2022\/06\/06\/week-in-photos-june-5-11-2022\/20220603smstandalone01-2\/\" data-orig-file=\"https:\/\/i0.wp.com\/newsinteractive.post-gazette.com\/photos\/wp-content\/uploads\/sites\/5\/2022\/06\/20220606smStandAlone01-1-scaled.jpg?fit=2560%2C1532&amp;ssl=1\" data-orig-size=\"2560,1532\" data-comments-opened=\"0\" data-image-meta=\"{&quot;aperture&quot;:&quot;5&quot;,&quot;credit&quot;:&quot;Steve Mellon\\\/Post-Gazette&quot;,&quot;camera&quot;:&quot;NIKON D850&quot;,&quot;caption&quot;:&quot;Jet skiers sent up a spray of water as they enjoyed a warm and sunny day on the Allegheny River near the David McCullough Bridge on Monday, June 6, 2022. (Steve Mellon\\\/Post-Gazette)&quot;,&quot;created_timestamp&quot;:&quot;1654536936&quot;,&quot;copyright&quot;:&quot;Pittsburgh Post-Gazette&quot;,&quot;focal_length&quot;:&quot;300&quot;,&quot;iso&quot;:&quot;200&quot;,&quot;shutter_speed&quot;:&quot;0.00025&quot;,&quot;title&quot;:&quot;20220603smStandAlone01&quot;,&quot;orientation&quot;:&quot;1&quot;}\" data-image-title=\"20220603smStandAlone01\" data-image-description=\"\" data-image-caption=\"&lt;p&gt;Jet skiers sent up a spray of water as they enjoyed a warm and sunny day on the Allegheny River near the David McCullough Bridge on Monday, June 6, 2022. (Steve Mellon\/Post-Gazette)&lt;\/p&gt;\n\" data-medium-file=\"https:\/\/i0.wp.com\/newsinteractive.post-gazette.com\/photos\/wp-content\/uploads\/sites\/5\/2022\/06\/20220606smStandAlone01-1-scaled.jpg?fit=300%2C180&amp;ssl=1\" data-large-file=\"https:\/\/i0.wp.com\/newsinteractive.post-gazette.com\/photos\/wp-content\/uploads\/sites\/5\/2022\/06\/20220606smStandAlone01-1-scaled.jpg?fit=848%2C508&amp;ssl=1\" class=\"size-full wp-image-30137\" src=\"https:\/\/i0.wp.com\/newsinteractive.post-gazette.com\/photos\/wp-content\/uploads\/sites\/5\/2022\/06\/20220606smStandAlone01-1-scaled.jpg?resize=848%2C507&#038;ssl=1\" alt=\"\" width=\"848\" height=\"507\" srcset=\"https:\/\/i0.wp.com\/newsinteractive.post-gazette.com\/photos\/wp-content\/uploads\/sites\/5\/2022\/06\/20220606smStandAlone01-1-scaled.jpg?w=2560&amp;ssl=1 2560w, https:\/\/i0.wp.com\/newsinteractive.post-gazette.com\/photos\/wp-content\/uploads\/sites\/5\/2022\/06\/20220606smStandAlone01-1-scaled.jpg?resize=300%2C180&amp;ssl=1 300w, https:\/\/i0.wp.com\/newsinteractive.post-gazette.com\/photos\/wp-content\/uploads\/sites\/5\/2022\/06\/20220606smStandAlone01-1-scaled.jpg?resize=1024%2C613&amp;ssl=1 1024w, https:\/\/i0.wp.com\/newsinteractive.post-gazette.com\/photos\/wp-content\/uploads\/sites\/5\/2022\/06\/20220606smStandAlone01-1-scaled.jpg?resize=426%2C255&amp;ssl=1 426w, https:\/\/i0.wp.com\/newsinteractive.post-gazette.com\/photos\/wp-content\/uploads\/sites\/5\/2022\/06\/20220606smStandAlone01-1-scaled.jpg?resize=1536%2C919&amp;ssl=1 1536w, https:\/\/i0.wp.com\/newsinteractive.post-gazette.com\/photos\/wp-content\/uploads\/sites\/5\/2022\/06\/20220606smStandAlone01-1-scaled.jpg?resize=2048%2C1226&amp;ssl=1 2048w, https:\/\/i0.wp.com\/newsinteractive.post-gazette.com\/photos\/wp-content\/uploads\/sites\/5\/2022\/06\/20220606smStandAlone01-1-scaled.jpg?w=1696&amp;ssl=1 1696w\" sizes=\"(max-width: 848px) 100vw, 848px\" data-recalc-dims=\"1\" \/><figcaption id=\"caption-attachment-30137\" class=\"wp-caption-text\">Jet skiers sent up a spray of water as they enjoyed a warm and sunny day on the Allegheny River near the David McCullough Bridge on Monday, June 6, 2022. (Steve Mellon\/Post-Gazette)<\/figcaption><\/figure>\n<figure id=\"attachment_30138\" aria-describedby=\"caption-attachment-30138\" style=\"width: 2374px\" class=\"wp-caption aligncenter\"><img loading=\"lazy\" decoding=\"async\" data-attachment-id=\"30138\" data-permalink=\"https:\/\/newsinteractive.post-gazette.com\/photos\/2022\/06\/06\/week-in-photos-june-5-11-2022\/20220606smstandalone05-2\/\" data-orig-file=\"https:\/\/i0.wp.com\/newsinteractive.post-gazette.com\/photos\/wp-content\/uploads\/sites\/5\/2022\/06\/20220606smStandAlone05-1.jpg?fit=2374%2C1697&amp;ssl=1\" data-orig-size=\"2374,1697\" data-comments-opened=\"0\" data-image-meta=\"{&quot;aperture&quot;:&quot;6.3&quot;,&quot;credit&quot;:&quot;Steve Mellon\\\/Post-Gazette&quot;,&quot;camera&quot;:&quot;ILCE-7RM3&quot;,&quot;caption&quot;:&quot;Foliage engulfs the Three Rivers Heritage Trail on the south side of the Allegheny River near the David McCullough Bridge on Monday, June 6, 2022.\\r(Steve Mellon\\\/Post-Gazette)\\r\\r#standalone&quot;,&quot;created_timestamp&quot;:&quot;1654531768&quot;,&quot;copyright&quot;:&quot;Pittsburgh Post-Gazette&quot;,&quot;focal_length&quot;:&quot;54&quot;,&quot;iso&quot;:&quot;250&quot;,&quot;shutter_speed&quot;:&quot;0.003125&quot;,&quot;title&quot;:&quot;20220606smStandAlone05&quot;,&quot;orientation&quot;:&quot;1&quot;}\" data-image-title=\"20220606smStandAlone05\" data-image-description=\"\" data-image-caption=\"&lt;p&gt;Foliage engulfs the Three Rivers Heritage Trail on the south side of the Allegheny River near the David McCullough Bridge on Monday, June 6, 2022.&lt;br \/&gt;\n(Steve Mellon\/Post-Gazette)&lt;\/p&gt;\n&lt;p&gt;#standalone&lt;\/p&gt;\n\" data-medium-file=\"https:\/\/i0.wp.com\/newsinteractive.post-gazette.com\/photos\/wp-content\/uploads\/sites\/5\/2022\/06\/20220606smStandAlone05-1.jpg?fit=300%2C214&amp;ssl=1\" data-large-file=\"https:\/\/i0.wp.com\/newsinteractive.post-gazette.com\/photos\/wp-content\/uploads\/sites\/5\/2022\/06\/20220606smStandAlone05-1.jpg?fit=848%2C606&amp;ssl=1\" class=\"size-full wp-image-30138\" src=\"https:\/\/i0.wp.com\/newsinteractive.post-gazette.com\/photos\/wp-content\/uploads\/sites\/5\/2022\/06\/20220606smStandAlone05-1.jpg?resize=848%2C606&#038;ssl=1\" alt=\"\" width=\"848\" height=\"606\" srcset=\"https:\/\/i0.wp.com\/newsinteractive.post-gazette.com\/photos\/wp-content\/uploads\/sites\/5\/2022\/06\/20220606smStandAlone05-1.jpg?w=2374&amp;ssl=1 2374w, https:\/\/i0.wp.com\/newsinteractive.post-gazette.com\/photos\/wp-content\/uploads\/sites\/5\/2022\/06\/20220606smStandAlone05-1.jpg?resize=300%2C214&amp;ssl=1 300w, https:\/\/i0.wp.com\/newsinteractive.post-gazette.com\/photos\/wp-content\/uploads\/sites\/5\/2022\/06\/20220606smStandAlone05-1.jpg?resize=1024%2C732&amp;ssl=1 1024w, https:\/\/i0.wp.com\/newsinteractive.post-gazette.com\/photos\/wp-content\/uploads\/sites\/5\/2022\/06\/20220606smStandAlone05-1.jpg?resize=357%2C255&amp;ssl=1 357w, https:\/\/i0.wp.com\/newsinteractive.post-gazette.com\/photos\/wp-content\/uploads\/sites\/5\/2022\/06\/20220606smStandAlone05-1.jpg?resize=1536%2C1098&amp;ssl=1 1536w, https:\/\/i0.wp.com\/newsinteractive.post-gazette.com\/photos\/wp-content\/uploads\/sites\/5\/2022\/06\/20220606smStandAlone05-1.jpg?resize=2048%2C1464&amp;ssl=1 2048w, https:\/\/i0.wp.com\/newsinteractive.post-gazette.com\/photos\/wp-content\/uploads\/sites\/5\/2022\/06\/20220606smStandAlone05-1.jpg?w=1696&amp;ssl=1 1696w\" sizes=\"(max-width: 848px) 100vw, 848px\" data-recalc-dims=\"1\" \/><figcaption id=\"caption-attachment-30138\" class=\"wp-caption-text\">Foliage engulfs the Three Rivers Heritage Trail on the south side of the Allegheny River near the David McCullough Bridge on Monday, June 6, 2022. (Steve Mellon\/Post-Gazette)<\/figcaption><\/figure>\n<figure id=\"attachment_30122\" aria-describedby=\"caption-attachment-30122\" style=\"width: 2560px\" class=\"wp-caption aligncenter\"><img loading=\"lazy\" decoding=\"async\" data-attachment-id=\"30122\" data-permalink=\"https:\/\/newsinteractive.post-gazette.com\/photos\/2022\/06\/06\/week-in-photos-june-5-11-2022\/20220606ng_fudgefarm03\/\" data-orig-file=\"https:\/\/i0.wp.com\/newsinteractive.post-gazette.com\/photos\/wp-content\/uploads\/sites\/5\/2022\/06\/20220606ng_FudgeFarm03-scaled.jpg?fit=2560%2C1638&amp;ssl=1\" data-orig-size=\"2560,1638\" data-comments-opened=\"0\" data-image-meta=\"{&quot;aperture&quot;:&quot;5.6&quot;,&quot;credit&quot;:&quot;Post-Gazette&quot;,&quot;camera&quot;:&quot;NIKON D850&quot;,&quot;caption&quot;:&quot;PLEASE WITHHOLD MY BYLINE\\\/CREDIT.) For Local. Pedestrians walk pass the Fudge Farm at 1503 East Carson Street Monday, June 6, 2022, on the South Side. The South Side business has closed its doors, blaming \\u201cuncontrollable shootings and violence as well as other circumstances\\u201d on East Carson Street. (Nate Guidry\\\/Post-Gazette)&quot;,&quot;created_timestamp&quot;:&quot;1654531070&quot;,&quot;copyright&quot;:&quot;&quot;,&quot;focal_length&quot;:&quot;35&quot;,&quot;iso&quot;:&quot;320&quot;,&quot;shutter_speed&quot;:&quot;0.0025&quot;,&quot;title&quot;:&quot;&quot;,&quot;orientation&quot;:&quot;1&quot;}\" data-image-title=\"20220606ng_FudgeFarm03\" data-image-description=\"\" data-image-caption=\"&lt;p&gt;PLEASE WITHHOLD MY BYLINE\/CREDIT.) For Local. Pedestrians walk pass the Fudge Farm at 1503 East Carson Street Monday, June 6, 2022, on the South Side. The South Side business has closed its doors, blaming \u201cuncontrollable shootings and violence as well as other circumstances\u201d on East Carson Street. (Nate Guidry\/Post-Gazette)&lt;\/p&gt;\n\" data-medium-file=\"https:\/\/i0.wp.com\/newsinteractive.post-gazette.com\/photos\/wp-content\/uploads\/sites\/5\/2022\/06\/20220606ng_FudgeFarm03-scaled.jpg?fit=300%2C192&amp;ssl=1\" data-large-file=\"https:\/\/i0.wp.com\/newsinteractive.post-gazette.com\/photos\/wp-content\/uploads\/sites\/5\/2022\/06\/20220606ng_FudgeFarm03-scaled.jpg?fit=848%2C542&amp;ssl=1\" class=\"size-full wp-image-30122\" src=\"https:\/\/i0.wp.com\/newsinteractive.post-gazette.com\/photos\/wp-content\/uploads\/sites\/5\/2022\/06\/20220606ng_FudgeFarm03-scaled.jpg?resize=848%2C543&#038;ssl=1\" alt=\"\" width=\"848\" height=\"543\" srcset=\"https:\/\/i0.wp.com\/newsinteractive.post-gazette.com\/photos\/wp-content\/uploads\/sites\/5\/2022\/06\/20220606ng_FudgeFarm03-scaled.jpg?w=2560&amp;ssl=1 2560w, https:\/\/i0.wp.com\/newsinteractive.post-gazette.com\/photos\/wp-content\/uploads\/sites\/5\/2022\/06\/20220606ng_FudgeFarm03-scaled.jpg?resize=300%2C192&amp;ssl=1 300w, https:\/\/i0.wp.com\/newsinteractive.post-gazette.com\/photos\/wp-content\/uploads\/sites\/5\/2022\/06\/20220606ng_FudgeFarm03-scaled.jpg?resize=1024%2C655&amp;ssl=1 1024w, https:\/\/i0.wp.com\/newsinteractive.post-gazette.com\/photos\/wp-content\/uploads\/sites\/5\/2022\/06\/20220606ng_FudgeFarm03-scaled.jpg?resize=399%2C255&amp;ssl=1 399w, https:\/\/i0.wp.com\/newsinteractive.post-gazette.com\/photos\/wp-content\/uploads\/sites\/5\/2022\/06\/20220606ng_FudgeFarm03-scaled.jpg?resize=1536%2C983&amp;ssl=1 1536w, https:\/\/i0.wp.com\/newsinteractive.post-gazette.com\/photos\/wp-content\/uploads\/sites\/5\/2022\/06\/20220606ng_FudgeFarm03-scaled.jpg?resize=2048%2C1310&amp;ssl=1 2048w, https:\/\/i0.wp.com\/newsinteractive.post-gazette.com\/photos\/wp-content\/uploads\/sites\/5\/2022\/06\/20220606ng_FudgeFarm03-scaled.jpg?w=1696&amp;ssl=1 1696w\" sizes=\"(max-width: 848px) 100vw, 848px\" data-recalc-dims=\"1\" \/><figcaption id=\"caption-attachment-30122\" class=\"wp-caption-text\">Pedestrians walk pass the Fudge Farm at 1503 East Carson Street Monday, June 6, 2022, on the South Side. The South Side business has closed its doors, blaming \u201cuncontrollable shootings and violence as well as other circumstances\u201d on East Carson Street. (Post-Gazette)<\/figcaption><\/figure>\n<figure id=\"attachment_30116\" aria-describedby=\"caption-attachment-30116\" style=\"width: 2400px\" class=\"wp-caption aligncenter\"><img loading=\"lazy\" decoding=\"async\" data-attachment-id=\"30116\" data-permalink=\"https:\/\/newsinteractive.post-gazette.com\/photos\/2022\/06\/06\/week-in-photos-june-5-11-2022\/run\/\" data-orig-file=\"https:\/\/i0.wp.com\/newsinteractive.post-gazette.com\/photos\/wp-content\/uploads\/sites\/5\/2022\/06\/20220605awRun05.jpg?fit=2400%2C1600&amp;ssl=1\" data-orig-size=\"2400,1600\" data-comments-opened=\"0\" data-image-meta=\"{&quot;aperture&quot;:&quot;2.8&quot;,&quot;credit&quot;:&quot;Alexandra Wimley\\\/Post-Gazette&quot;,&quot;camera&quot;:&quot;NIKON D5&quot;,&quot;caption&quot;:&quot;Runners chat as they make their way down Overlook Drive during the Greenfield Glide 5k race, which winds through the roads and trails in Schenley Park, Sunday, June 5, 2022, in Squirrel Hill. This race is part of the City of Pittsburgh Community Footrace Series that takes place in various neighborhoods throughout the summer. (Alexandra Wimley\\\/Post-Gazette)\\n\\n#standalone&quot;,&quot;created_timestamp&quot;:&quot;1654428933&quot;,&quot;copyright&quot;:&quot;Pittsburgh Post-Gazette&quot;,&quot;focal_length&quot;:&quot;200&quot;,&quot;iso&quot;:&quot;100&quot;,&quot;shutter_speed&quot;:&quot;0.0003125&quot;,&quot;title&quot;:&quot;Run&quot;,&quot;orientation&quot;:&quot;1&quot;}\" data-image-title=\"Run\" data-image-description=\"\" data-image-caption=\"&lt;p&gt;Runners chat as they make their way down Overlook Drive during the Greenfield Glide 5k race, which winds through the roads and trails in Schenley Park, Sunday, June 5, 2022, in Squirrel Hill. This race is part of the City of Pittsburgh Community Footrace Series that takes place in various neighborhoods throughout the summer. (Alexandra Wimley\/Post-Gazette)&lt;\/p&gt;\n&lt;p&gt;#standalone&lt;\/p&gt;\n\" data-medium-file=\"https:\/\/i0.wp.com\/newsinteractive.post-gazette.com\/photos\/wp-content\/uploads\/sites\/5\/2022\/06\/20220605awRun05.jpg?fit=300%2C200&amp;ssl=1\" data-large-file=\"https:\/\/i0.wp.com\/newsinteractive.post-gazette.com\/photos\/wp-content\/uploads\/sites\/5\/2022\/06\/20220605awRun05.jpg?fit=848%2C566&amp;ssl=1\" class=\"size-full wp-image-30116\" src=\"https:\/\/i0.wp.com\/newsinteractive.post-gazette.com\/photos\/wp-content\/uploads\/sites\/5\/2022\/06\/20220605awRun05.jpg?resize=848%2C565&#038;ssl=1\" alt=\"\" width=\"848\" height=\"565\" srcset=\"https:\/\/i0.wp.com\/newsinteractive.post-gazette.com\/photos\/wp-content\/uploads\/sites\/5\/2022\/06\/20220605awRun05.jpg?w=2400&amp;ssl=1 2400w, https:\/\/i0.wp.com\/newsinteractive.post-gazette.com\/photos\/wp-content\/uploads\/sites\/5\/2022\/06\/20220605awRun05.jpg?resize=300%2C200&amp;ssl=1 300w, https:\/\/i0.wp.com\/newsinteractive.post-gazette.com\/photos\/wp-content\/uploads\/sites\/5\/2022\/06\/20220605awRun05.jpg?resize=1024%2C683&amp;ssl=1 1024w, https:\/\/i0.wp.com\/newsinteractive.post-gazette.com\/photos\/wp-content\/uploads\/sites\/5\/2022\/06\/20220605awRun05.jpg?resize=383%2C255&amp;ssl=1 383w, https:\/\/i0.wp.com\/newsinteractive.post-gazette.com\/photos\/wp-content\/uploads\/sites\/5\/2022\/06\/20220605awRun05.jpg?resize=1536%2C1024&amp;ssl=1 1536w, https:\/\/i0.wp.com\/newsinteractive.post-gazette.com\/photos\/wp-content\/uploads\/sites\/5\/2022\/06\/20220605awRun05.jpg?resize=2048%2C1365&amp;ssl=1 2048w, https:\/\/i0.wp.com\/newsinteractive.post-gazette.com\/photos\/wp-content\/uploads\/sites\/5\/2022\/06\/20220605awRun05.jpg?w=1696&amp;ssl=1 1696w\" sizes=\"(max-width: 848px) 100vw, 848px\" data-recalc-dims=\"1\" \/><figcaption id=\"caption-attachment-30116\" class=\"wp-caption-text\">Runners chat as they make their way down Overlook Drive during the Greenfield Glide 5k race, which winds through the roads and trails in Schenley Park, Sunday, June 5, 2022, in Squirrel Hill. This race is part of the City of Pittsburgh Community Footrace Series that takes place in various neighborhoods throughout the summer. (Alexandra Wimley\/Post-Gazette)<\/figcaption><\/figure>\n<figure id=\"attachment_30117\" aria-describedby=\"caption-attachment-30117\" style=\"width: 2560px\" class=\"wp-caption aligncenter\"><img loading=\"lazy\" decoding=\"async\" data-attachment-id=\"30117\" data-permalink=\"https:\/\/newsinteractive.post-gazette.com\/photos\/2022\/06\/06\/week-in-photos-june-5-11-2022\/20220605mfpiratessports04\/\" data-orig-file=\"https:\/\/i0.wp.com\/newsinteractive.post-gazette.com\/photos\/wp-content\/uploads\/sites\/5\/2022\/06\/20220605mfpiratessports04-scaled.jpg?fit=2560%2C1813&amp;ssl=1\" data-orig-size=\"2560,1813\" data-comments-opened=\"0\" data-image-meta=\"{&quot;aperture&quot;:&quot;5&quot;,&quot;credit&quot;:&quot;Matt Freed\\\/Post-Gazette&quot;,&quot;camera&quot;:&quot;ILCE-9M2&quot;,&quot;caption&quot;:&quot;Pirates first baseman Michael Chavis gets Diamondbacks third baseman Josh Rojas out at first base in the third inning, Sunday, June 5, 2022, at PNC Park. (Matt Freed\\\/Post-Gazette)&quot;,&quot;created_timestamp&quot;:&quot;1654452972&quot;,&quot;copyright&quot;:&quot;&quot;,&quot;focal_length&quot;:&quot;400&quot;,&quot;iso&quot;:&quot;1000&quot;,&quot;shutter_speed&quot;:&quot;0.0003125&quot;,&quot;title&quot;:&quot;&quot;,&quot;orientation&quot;:&quot;1&quot;}\" data-image-title=\"20220605mfpiratessports04\" data-image-description=\"\" data-image-caption=\"&lt;p&gt;Pirates first baseman Michael Chavis gets Diamondbacks third baseman Josh Rojas out at first base in the third inning, Sunday, June 5, 2022, at PNC Park. (Matt Freed\/Post-Gazette)&lt;\/p&gt;\n\" data-medium-file=\"https:\/\/i0.wp.com\/newsinteractive.post-gazette.com\/photos\/wp-content\/uploads\/sites\/5\/2022\/06\/20220605mfpiratessports04-scaled.jpg?fit=300%2C212&amp;ssl=1\" data-large-file=\"https:\/\/i0.wp.com\/newsinteractive.post-gazette.com\/photos\/wp-content\/uploads\/sites\/5\/2022\/06\/20220605mfpiratessports04-scaled.jpg?fit=848%2C600&amp;ssl=1\" class=\"size-full wp-image-30117\" src=\"https:\/\/i0.wp.com\/newsinteractive.post-gazette.com\/photos\/wp-content\/uploads\/sites\/5\/2022\/06\/20220605mfpiratessports04-scaled.jpg?resize=848%2C601&#038;ssl=1\" alt=\"\" width=\"848\" height=\"601\" srcset=\"https:\/\/i0.wp.com\/newsinteractive.post-gazette.com\/photos\/wp-content\/uploads\/sites\/5\/2022\/06\/20220605mfpiratessports04-scaled.jpg?w=2560&amp;ssl=1 2560w, https:\/\/i0.wp.com\/newsinteractive.post-gazette.com\/photos\/wp-content\/uploads\/sites\/5\/2022\/06\/20220605mfpiratessports04-scaled.jpg?resize=300%2C212&amp;ssl=1 300w, https:\/\/i0.wp.com\/newsinteractive.post-gazette.com\/photos\/wp-content\/uploads\/sites\/5\/2022\/06\/20220605mfpiratessports04-scaled.jpg?resize=1024%2C725&amp;ssl=1 1024w, https:\/\/i0.wp.com\/newsinteractive.post-gazette.com\/photos\/wp-content\/uploads\/sites\/5\/2022\/06\/20220605mfpiratessports04-scaled.jpg?resize=360%2C255&amp;ssl=1 360w, https:\/\/i0.wp.com\/newsinteractive.post-gazette.com\/photos\/wp-content\/uploads\/sites\/5\/2022\/06\/20220605mfpiratessports04-scaled.jpg?resize=1536%2C1088&amp;ssl=1 1536w, https:\/\/i0.wp.com\/newsinteractive.post-gazette.com\/photos\/wp-content\/uploads\/sites\/5\/2022\/06\/20220605mfpiratessports04-scaled.jpg?resize=2048%2C1450&amp;ssl=1 2048w, https:\/\/i0.wp.com\/newsinteractive.post-gazette.com\/photos\/wp-content\/uploads\/sites\/5\/2022\/06\/20220605mfpiratessports04-scaled.jpg?w=1696&amp;ssl=1 1696w\" sizes=\"(max-width: 848px) 100vw, 848px\" data-recalc-dims=\"1\" \/><figcaption id=\"caption-attachment-30117\" class=\"wp-caption-text\">Pirates first baseman Michael Chavis gets Diamondbacks third baseman Josh Rojas out at first base in the third inning, Sunday, June 5, 2022, at PNC Park. (Matt Freed\/Post-Gazette)<\/figcaption><\/figure>\n<figure id=\"attachment_30118\" aria-describedby=\"caption-attachment-30118\" style=\"width: 2560px\" class=\"wp-caption aligncenter\"><img loading=\"lazy\" decoding=\"async\" data-attachment-id=\"30118\" data-permalink=\"https:\/\/newsinteractive.post-gazette.com\/photos\/2022\/06\/06\/week-in-photos-june-5-11-2022\/20220605mfpiratessports12\/\" data-orig-file=\"https:\/\/i0.wp.com\/newsinteractive.post-gazette.com\/photos\/wp-content\/uploads\/sites\/5\/2022\/06\/20220605mfpiratessports12-scaled.jpg?fit=2560%2C1636&amp;ssl=1\" data-orig-size=\"2560,1636\" data-comments-opened=\"0\" data-image-meta=\"{&quot;aperture&quot;:&quot;5&quot;,&quot;credit&quot;:&quot;Matt Freed\\\/Post-Gazette&quot;,&quot;camera&quot;:&quot;ILCE-9M2&quot;,&quot;caption&quot;:&quot;Pirates third baseman Ke\\u0092Bryan Hayes steals second base against Diamondbacks shortstop Geraldo Perdomo in the seventh inning, Sunday, June 5, 2022, at PNC Park. (Matt Freed\\\/Post-Gazette)&quot;,&quot;created_timestamp&quot;:&quot;1654459163&quot;,&quot;copyright&quot;:&quot;&quot;,&quot;focal_length&quot;:&quot;400&quot;,&quot;iso&quot;:&quot;640&quot;,&quot;shutter_speed&quot;:&quot;0.00025&quot;,&quot;title&quot;:&quot;&quot;,&quot;orientation&quot;:&quot;1&quot;}\" data-image-title=\"20220605mfpiratessports12\" data-image-description=\"\" data-image-caption=\"&lt;p&gt;Pirates third baseman Ke\u0092Bryan Hayes steals second base against Diamondbacks shortstop Geraldo Perdomo in the seventh inning, Sunday, June 5, 2022, at PNC Park. (Matt Freed\/Post-Gazette)&lt;\/p&gt;\n\" data-medium-file=\"https:\/\/i0.wp.com\/newsinteractive.post-gazette.com\/photos\/wp-content\/uploads\/sites\/5\/2022\/06\/20220605mfpiratessports12-scaled.jpg?fit=300%2C192&amp;ssl=1\" data-large-file=\"https:\/\/i0.wp.com\/newsinteractive.post-gazette.com\/photos\/wp-content\/uploads\/sites\/5\/2022\/06\/20220605mfpiratessports12-scaled.jpg?fit=848%2C542&amp;ssl=1\" class=\"size-full wp-image-30118\" src=\"https:\/\/i0.wp.com\/newsinteractive.post-gazette.com\/photos\/wp-content\/uploads\/sites\/5\/2022\/06\/20220605mfpiratessports12-scaled.jpg?resize=848%2C542&#038;ssl=1\" alt=\"\" width=\"848\" height=\"542\" srcset=\"https:\/\/i0.wp.com\/newsinteractive.post-gazette.com\/photos\/wp-content\/uploads\/sites\/5\/2022\/06\/20220605mfpiratessports12-scaled.jpg?w=2560&amp;ssl=1 2560w, https:\/\/i0.wp.com\/newsinteractive.post-gazette.com\/photos\/wp-content\/uploads\/sites\/5\/2022\/06\/20220605mfpiratessports12-scaled.jpg?resize=300%2C192&amp;ssl=1 300w, https:\/\/i0.wp.com\/newsinteractive.post-gazette.com\/photos\/wp-content\/uploads\/sites\/5\/2022\/06\/20220605mfpiratessports12-scaled.jpg?resize=1024%2C655&amp;ssl=1 1024w, https:\/\/i0.wp.com\/newsinteractive.post-gazette.com\/photos\/wp-content\/uploads\/sites\/5\/2022\/06\/20220605mfpiratessports12-scaled.jpg?resize=399%2C255&amp;ssl=1 399w, https:\/\/i0.wp.com\/newsinteractive.post-gazette.com\/photos\/wp-content\/uploads\/sites\/5\/2022\/06\/20220605mfpiratessports12-scaled.jpg?resize=1536%2C982&amp;ssl=1 1536w, https:\/\/i0.wp.com\/newsinteractive.post-gazette.com\/photos\/wp-content\/uploads\/sites\/5\/2022\/06\/20220605mfpiratessports12-scaled.jpg?resize=2048%2C1309&amp;ssl=1 2048w, https:\/\/i0.wp.com\/newsinteractive.post-gazette.com\/photos\/wp-content\/uploads\/sites\/5\/2022\/06\/20220605mfpiratessports12-scaled.jpg?w=1696&amp;ssl=1 1696w\" sizes=\"(max-width: 848px) 100vw, 848px\" data-recalc-dims=\"1\" \/><figcaption id=\"caption-attachment-30118\" class=\"wp-caption-text\">Pirates third baseman Ke\u0092Bryan Hayes steals second base against Diamondbacks shortstop Geraldo Perdomo in the seventh inning, Sunday, June 5, 2022, at PNC Park. (Matt Freed\/Post-Gazette)<\/figcaption><\/figure>\n<figure id=\"attachment_30119\" aria-describedby=\"caption-attachment-30119\" style=\"width: 2560px\" class=\"wp-caption aligncenter\"><img loading=\"lazy\" decoding=\"async\" data-attachment-id=\"30119\" data-permalink=\"https:\/\/newsinteractive.post-gazette.com\/photos\/2022\/06\/06\/week-in-photos-june-5-11-2022\/bloomfield-pride-festival\/\" data-orig-file=\"https:\/\/i0.wp.com\/newsinteractive.post-gazette.com\/photos\/wp-content\/uploads\/sites\/5\/2022\/06\/20220605MGBloomfieldLOC0-scaled.jpg?fit=2560%2C1707&amp;ssl=1\" data-orig-size=\"2560,1707\" data-comments-opened=\"0\" data-image-meta=\"{&quot;aperture&quot;:&quot;2.8&quot;,&quot;credit&quot;:&quot;(Maya Giron\\\/Post-Gazette)&quot;,&quot;camera&quot;:&quot;NIKON D850&quot;,&quot;caption&quot;:&quot;Two people take a photograph at Pittsburgh Pride Revolution\\u2019s Bloomfield Festival on Sunday, June 5, 2022, in Bloomfield. Pride Revolution festival is a four day festival full of performances, vendors, a community march, and free concerts with performances by Pittsburgh and national artists. (Maya Giron\\\/Post-Gazette)&quot;,&quot;created_timestamp&quot;:&quot;1654457996&quot;,&quot;copyright&quot;:&quot;&quot;,&quot;focal_length&quot;:&quot;70&quot;,&quot;iso&quot;:&quot;250&quot;,&quot;shutter_speed&quot;:&quot;0.000625&quot;,&quot;title&quot;:&quot;Bloomfield Pride Festival&quot;,&quot;orientation&quot;:&quot;1&quot;}\" data-image-title=\"Bloomfield Pride Festival\" data-image-description=\"\" data-image-caption=\"&lt;p&gt;Two people take a photograph at Pittsburgh Pride Revolution\u2019s Bloomfield Festival on Sunday, June 5, 2022, in Bloomfield. Pride Revolution festival is a four day festival full of performances, vendors, a community march, and free concerts with performances by Pittsburgh and national artists. (Maya Giron\/Post-Gazette)&lt;\/p&gt;\n\" data-medium-file=\"https:\/\/i0.wp.com\/newsinteractive.post-gazette.com\/photos\/wp-content\/uploads\/sites\/5\/2022\/06\/20220605MGBloomfieldLOC0-scaled.jpg?fit=300%2C200&amp;ssl=1\" data-large-file=\"https:\/\/i0.wp.com\/newsinteractive.post-gazette.com\/photos\/wp-content\/uploads\/sites\/5\/2022\/06\/20220605MGBloomfieldLOC0-scaled.jpg?fit=848%2C566&amp;ssl=1\" class=\"size-full wp-image-30119\" src=\"https:\/\/i0.wp.com\/newsinteractive.post-gazette.com\/photos\/wp-content\/uploads\/sites\/5\/2022\/06\/20220605MGBloomfieldLOC0-scaled.jpg?resize=848%2C565&#038;ssl=1\" alt=\"\" width=\"848\" height=\"565\" srcset=\"https:\/\/i0.wp.com\/newsinteractive.post-gazette.com\/photos\/wp-content\/uploads\/sites\/5\/2022\/06\/20220605MGBloomfieldLOC0-scaled.jpg?w=2560&amp;ssl=1 2560w, https:\/\/i0.wp.com\/newsinteractive.post-gazette.com\/photos\/wp-content\/uploads\/sites\/5\/2022\/06\/20220605MGBloomfieldLOC0-scaled.jpg?resize=300%2C200&amp;ssl=1 300w, https:\/\/i0.wp.com\/newsinteractive.post-gazette.com\/photos\/wp-content\/uploads\/sites\/5\/2022\/06\/20220605MGBloomfieldLOC0-scaled.jpg?resize=1024%2C683&amp;ssl=1 1024w, https:\/\/i0.wp.com\/newsinteractive.post-gazette.com\/photos\/wp-content\/uploads\/sites\/5\/2022\/06\/20220605MGBloomfieldLOC0-scaled.jpg?resize=382%2C255&amp;ssl=1 382w, https:\/\/i0.wp.com\/newsinteractive.post-gazette.com\/photos\/wp-content\/uploads\/sites\/5\/2022\/06\/20220605MGBloomfieldLOC0-scaled.jpg?resize=1536%2C1024&amp;ssl=1 1536w, https:\/\/i0.wp.com\/newsinteractive.post-gazette.com\/photos\/wp-content\/uploads\/sites\/5\/2022\/06\/20220605MGBloomfieldLOC0-scaled.jpg?resize=2048%2C1366&amp;ssl=1 2048w, https:\/\/i0.wp.com\/newsinteractive.post-gazette.com\/photos\/wp-content\/uploads\/sites\/5\/2022\/06\/20220605MGBloomfieldLOC0-scaled.jpg?w=1696&amp;ssl=1 1696w\" sizes=\"(max-width: 848px) 100vw, 848px\" data-recalc-dims=\"1\" \/><figcaption id=\"caption-attachment-30119\" class=\"wp-caption-text\">Two people take a photograph at Pittsburgh Pride Revolution\u2019s Bloomfield Festival on Sunday, June 5, 2022, in Bloomfield. Pride Revolution festival is a four day festival full of performances, vendors, a community march, and free concerts with performances by Pittsburgh and national artists. (Maya Giron\/Post-Gazette)<\/figcaption><\/figure>\n<figure id=\"attachment_30120\" aria-describedby=\"caption-attachment-30120\" style=\"width: 2560px\" class=\"wp-caption aligncenter\"><img loading=\"lazy\" decoding=\"async\" data-attachment-id=\"30120\" data-permalink=\"https:\/\/newsinteractive.post-gazette.com\/photos\/2022\/06\/06\/week-in-photos-june-5-11-2022\/juneteenth-black-tie-event\/\" data-orig-file=\"https:\/\/i0.wp.com\/newsinteractive.post-gazette.com\/photos\/wp-content\/uploads\/sites\/5\/2022\/06\/20220605MGJuneteenthLOC0-scaled.jpg?fit=2560%2C1705&amp;ssl=1\" data-orig-size=\"2560,1705\" data-comments-opened=\"0\" data-image-meta=\"{&quot;aperture&quot;:&quot;2.8&quot;,&quot;credit&quot;:&quot;(Maya Giron\\\/Post-Gazette)&quot;,&quot;camera&quot;:&quot;NIKON D850&quot;,&quot;caption&quot;:&quot;Mayor Ed Gainey and his wife Michelle Gainey dance on the 360 camera platform at the 7th Annual Black Tie Honors Gala, 2022 Juneteenth Kickoff Event, on Sunday, June 5, 2022, Downtown. The event is meant to highlight and honor Pittsburgh Black Newscasters, past and present, for their many years of positive representation of the African American community. (Maya Giron\\\/Post-Gazette)&quot;,&quot;created_timestamp&quot;:&quot;1654469512&quot;,&quot;copyright&quot;:&quot;&quot;,&quot;focal_length&quot;:&quot;24&quot;,&quot;iso&quot;:&quot;8000&quot;,&quot;shutter_speed&quot;:&quot;0.0025&quot;,&quot;title&quot;:&quot;Juneteenth black tie event&quot;,&quot;orientation&quot;:&quot;1&quot;}\" data-image-title=\"Juneteenth black tie event\" data-image-description=\"\" data-image-caption=\"&lt;p&gt;Mayor Ed Gainey and his wife Michelle Gainey dance on the 360 camera platform at the 7th Annual Black Tie Honors Gala, 2022 Juneteenth Kickoff Event, on Sunday, June 5, 2022, Downtown. The event is meant to highlight and honor Pittsburgh Black Newscasters, past and present, for their many years of positive representation of the African American community. (Maya Giron\/Post-Gazette)&lt;\/p&gt;\n\" data-medium-file=\"https:\/\/i0.wp.com\/newsinteractive.post-gazette.com\/photos\/wp-content\/uploads\/sites\/5\/2022\/06\/20220605MGJuneteenthLOC0-scaled.jpg?fit=300%2C200&amp;ssl=1\" data-large-file=\"https:\/\/i0.wp.com\/newsinteractive.post-gazette.com\/photos\/wp-content\/uploads\/sites\/5\/2022\/06\/20220605MGJuneteenthLOC0-scaled.jpg?fit=848%2C565&amp;ssl=1\" class=\"size-full wp-image-30120\" src=\"https:\/\/i0.wp.com\/newsinteractive.post-gazette.com\/photos\/wp-content\/uploads\/sites\/5\/2022\/06\/20220605MGJuneteenthLOC0-scaled.jpg?resize=848%2C565&#038;ssl=1\" alt=\"\" width=\"848\" height=\"565\" srcset=\"https:\/\/i0.wp.com\/newsinteractive.post-gazette.com\/photos\/wp-content\/uploads\/sites\/5\/2022\/06\/20220605MGJuneteenthLOC0-scaled.jpg?w=2560&amp;ssl=1 2560w, https:\/\/i0.wp.com\/newsinteractive.post-gazette.com\/photos\/wp-content\/uploads\/sites\/5\/2022\/06\/20220605MGJuneteenthLOC0-scaled.jpg?resize=300%2C200&amp;ssl=1 300w, https:\/\/i0.wp.com\/newsinteractive.post-gazette.com\/photos\/wp-content\/uploads\/sites\/5\/2022\/06\/20220605MGJuneteenthLOC0-scaled.jpg?resize=1024%2C682&amp;ssl=1 1024w, https:\/\/i0.wp.com\/newsinteractive.post-gazette.com\/photos\/wp-content\/uploads\/sites\/5\/2022\/06\/20220605MGJuneteenthLOC0-scaled.jpg?resize=383%2C255&amp;ssl=1 383w, https:\/\/i0.wp.com\/newsinteractive.post-gazette.com\/photos\/wp-content\/uploads\/sites\/5\/2022\/06\/20220605MGJuneteenthLOC0-scaled.jpg?resize=1536%2C1023&amp;ssl=1 1536w, https:\/\/i0.wp.com\/newsinteractive.post-gazette.com\/photos\/wp-content\/uploads\/sites\/5\/2022\/06\/20220605MGJuneteenthLOC0-scaled.jpg?resize=2048%2C1364&amp;ssl=1 2048w, https:\/\/i0.wp.com\/newsinteractive.post-gazette.com\/photos\/wp-content\/uploads\/sites\/5\/2022\/06\/20220605MGJuneteenthLOC0-scaled.jpg?w=1696&amp;ssl=1 1696w\" sizes=\"(max-width: 848px) 100vw, 848px\" data-recalc-dims=\"1\" \/><figcaption id=\"caption-attachment-30120\" class=\"wp-caption-text\">Mayor Ed Gainey and his wife Michelle Gainey dance on the 360 camera platform at the 7th Annual Black Tie Honors Gala, 2022 Juneteenth Kickoff Event, on Sunday, June 5, 2022, Downtown. The event is meant to highlight and honor Pittsburgh Black Newscasters, past and present, for their many years of positive representation of the African American community. (Maya Giron\/Post-Gazette)<\/figcaption><\/figure>\n<figure id=\"attachment_30121\" aria-describedby=\"caption-attachment-30121\" style=\"width: 2560px\" class=\"wp-caption aligncenter\"><img loading=\"lazy\" decoding=\"async\" data-attachment-id=\"30121\" data-permalink=\"https:\/\/newsinteractive.post-gazette.com\/photos\/2022\/06\/06\/week-in-photos-june-5-11-2022\/strawberryway-mural\/\" data-orig-file=\"https:\/\/i0.wp.com\/newsinteractive.post-gazette.com\/photos\/wp-content\/uploads\/sites\/5\/2022\/06\/20220605MGStrawberryWayLOC5-scaled.jpg?fit=2560%2C1705&amp;ssl=1\" data-orig-size=\"2560,1705\" data-comments-opened=\"0\" data-image-meta=\"{&quot;aperture&quot;:&quot;2.8&quot;,&quot;credit&quot;:&quot;(Maya Giron\\\/Post-Gazette)&quot;,&quot;camera&quot;:&quot;NIKON D850&quot;,&quot;caption&quot;:&quot;Zack Repoff, 27, of Pittsburgh skateboards next to a local mural being painted on June 5, 2022, on Strawberry Way, Downtown. the Pittsburgh Downtown Partnership is creating a temporary painted mural on the street surface to provide local artists Shane Pilster and Max Gonzales, with the PDP, and Pittsburgh CAPA students in artist residency an opportunity to display their art during the Three Rivers Arts Festival. (Maya Giron\\\/Post-Gazette)&quot;,&quot;created_timestamp&quot;:&quot;1654461256&quot;,&quot;copyright&quot;:&quot;&quot;,&quot;focal_length&quot;:&quot;24&quot;,&quot;iso&quot;:&quot;1000&quot;,&quot;shutter_speed&quot;:&quot;0.0015625&quot;,&quot;title&quot;:&quot;StrawberryWay Mural&quot;,&quot;orientation&quot;:&quot;1&quot;}\" data-image-title=\"StrawberryWay Mural\" data-image-description=\"\" data-image-caption=\"&lt;p&gt;Zack Repoff, 27, of Pittsburgh skateboards next to a local mural being painted on June 5, 2022, on Strawberry Way, Downtown. the Pittsburgh Downtown Partnership is creating a temporary painted mural on the street surface to provide local artists Shane Pilster and Max Gonzales, with the PDP, and Pittsburgh CAPA students in artist residency an opportunity to display their art during the Three Rivers Arts Festival. (Maya Giron\/Post-Gazette)&lt;\/p&gt;\n\" data-medium-file=\"https:\/\/i0.wp.com\/newsinteractive.post-gazette.com\/photos\/wp-content\/uploads\/sites\/5\/2022\/06\/20220605MGStrawberryWayLOC5-scaled.jpg?fit=300%2C200&amp;ssl=1\" data-large-file=\"https:\/\/i0.wp.com\/newsinteractive.post-gazette.com\/photos\/wp-content\/uploads\/sites\/5\/2022\/06\/20220605MGStrawberryWayLOC5-scaled.jpg?fit=848%2C565&amp;ssl=1\" class=\"size-full wp-image-30121\" src=\"https:\/\/i0.wp.com\/newsinteractive.post-gazette.com\/photos\/wp-content\/uploads\/sites\/5\/2022\/06\/20220605MGStrawberryWayLOC5-scaled.jpg?resize=848%2C565&#038;ssl=1\" alt=\"\" width=\"848\" height=\"565\" srcset=\"https:\/\/i0.wp.com\/newsinteractive.post-gazette.com\/photos\/wp-content\/uploads\/sites\/5\/2022\/06\/20220605MGStrawberryWayLOC5-scaled.jpg?w=2560&amp;ssl=1 2560w, https:\/\/i0.wp.com\/newsinteractive.post-gazette.com\/photos\/wp-content\/uploads\/sites\/5\/2022\/06\/20220605MGStrawberryWayLOC5-scaled.jpg?resize=300%2C200&amp;ssl=1 300w, https:\/\/i0.wp.com\/newsinteractive.post-gazette.com\/photos\/wp-content\/uploads\/sites\/5\/2022\/06\/20220605MGStrawberryWayLOC5-scaled.jpg?resize=1024%2C682&amp;ssl=1 1024w, https:\/\/i0.wp.com\/newsinteractive.post-gazette.com\/photos\/wp-content\/uploads\/sites\/5\/2022\/06\/20220605MGStrawberryWayLOC5-scaled.jpg?resize=383%2C255&amp;ssl=1 383w, https:\/\/i0.wp.com\/newsinteractive.post-gazette.com\/photos\/wp-content\/uploads\/sites\/5\/2022\/06\/20220605MGStrawberryWayLOC5-scaled.jpg?resize=1536%2C1023&amp;ssl=1 1536w, https:\/\/i0.wp.com\/newsinteractive.post-gazette.com\/photos\/wp-content\/uploads\/sites\/5\/2022\/06\/20220605MGStrawberryWayLOC5-scaled.jpg?resize=2048%2C1364&amp;ssl=1 2048w, https:\/\/i0.wp.com\/newsinteractive.post-gazette.com\/photos\/wp-content\/uploads\/sites\/5\/2022\/06\/20220605MGStrawberryWayLOC5-scaled.jpg?w=1696&amp;ssl=1 1696w\" sizes=\"(max-width: 848px) 100vw, 848px\" data-recalc-dims=\"1\" \/><figcaption id=\"caption-attachment-30121\" class=\"wp-caption-text\">Zack Repoff, 27, of Pittsburgh skateboards next to a local mural being painted on June 5, 2022, on Strawberry Way, Downtown. the Pittsburgh Downtown Partnership is creating a temporary painted mural on the street surface to provide local artists Shane Pilster and Max Gonzales, with the PDP, and Pittsburgh CAPA students in artist residency an opportunity to display their art during the Three Rivers Arts Festival. (Maya Giron\/Post-Gazette)<\/figcaption><\/figure>\n<figure id=\"attachment_30123\" aria-describedby=\"caption-attachment-30123\" style=\"width: 2400px\" class=\"wp-caption aligncenter\"><img loading=\"lazy\" decoding=\"async\" data-attachment-id=\"30123\" data-permalink=\"https:\/\/newsinteractive.post-gazette.com\/photos\/2022\/06\/06\/week-in-photos-june-5-11-2022\/pittsburgh-pride-revolution-march-6\/\" data-orig-file=\"https:\/\/i0.wp.com\/newsinteractive.post-gazette.com\/photos\/wp-content\/uploads\/sites\/5\/2022\/06\/20220604awPride06.jpg?fit=2400%2C1600&amp;ssl=1\" data-orig-size=\"2400,1600\" data-comments-opened=\"0\" data-image-meta=\"{&quot;aperture&quot;:&quot;2.8&quot;,&quot;credit&quot;:&quot;Alexandra Wimley\\\/Post-Gazette&quot;,&quot;camera&quot;:&quot;NIKON D5&quot;,&quot;caption&quot;:&quot;Attendees cheer in response to a speaker before the Pittsburgh Pride Revolution March to celebrate Pride Month, Saturday, June 4, 2022, in front of the City-County Building, Downtown.  (Alexandra Wimley\\\/Post-Gazette)&quot;,&quot;created_timestamp&quot;:&quot;1654353045&quot;,&quot;copyright&quot;:&quot;Pittsburgh Post-Gazette&quot;,&quot;focal_length&quot;:&quot;200&quot;,&quot;iso&quot;:&quot;500&quot;,&quot;shutter_speed&quot;:&quot;0.0005&quot;,&quot;title&quot;:&quot;Pittsburgh Pride Revolution March&quot;,&quot;orientation&quot;:&quot;1&quot;}\" data-image-title=\"Pittsburgh Pride Revolution March\" data-image-description=\"\" data-image-caption=\"&lt;p&gt;Attendees cheer in response to a speaker before the Pittsburgh Pride Revolution March to celebrate Pride Month, Saturday, June 4, 2022, in front of the City-County Building, Downtown.  (Alexandra Wimley\/Post-Gazette)&lt;\/p&gt;\n\" data-medium-file=\"https:\/\/i0.wp.com\/newsinteractive.post-gazette.com\/photos\/wp-content\/uploads\/sites\/5\/2022\/06\/20220604awPride06.jpg?fit=300%2C200&amp;ssl=1\" data-large-file=\"https:\/\/i0.wp.com\/newsinteractive.post-gazette.com\/photos\/wp-content\/uploads\/sites\/5\/2022\/06\/20220604awPride06.jpg?fit=848%2C566&amp;ssl=1\" class=\"size-full wp-image-30123\" src=\"https:\/\/i0.wp.com\/newsinteractive.post-gazette.com\/photos\/wp-content\/uploads\/sites\/5\/2022\/06\/20220604awPride06.jpg?resize=848%2C565&#038;ssl=1\" alt=\"\" width=\"848\" height=\"565\" srcset=\"https:\/\/i0.wp.com\/newsinteractive.post-gazette.com\/photos\/wp-content\/uploads\/sites\/5\/2022\/06\/20220604awPride06.jpg?w=2400&amp;ssl=1 2400w, https:\/\/i0.wp.com\/newsinteractive.post-gazette.com\/photos\/wp-content\/uploads\/sites\/5\/2022\/06\/20220604awPride06.jpg?resize=300%2C200&amp;ssl=1 300w, https:\/\/i0.wp.com\/newsinteractive.post-gazette.com\/photos\/wp-content\/uploads\/sites\/5\/2022\/06\/20220604awPride06.jpg?resize=1024%2C683&amp;ssl=1 1024w, https:\/\/i0.wp.com\/newsinteractive.post-gazette.com\/photos\/wp-content\/uploads\/sites\/5\/2022\/06\/20220604awPride06.jpg?resize=383%2C255&amp;ssl=1 383w, https:\/\/i0.wp.com\/newsinteractive.post-gazette.com\/photos\/wp-content\/uploads\/sites\/5\/2022\/06\/20220604awPride06.jpg?resize=1536%2C1024&amp;ssl=1 1536w, https:\/\/i0.wp.com\/newsinteractive.post-gazette.com\/photos\/wp-content\/uploads\/sites\/5\/2022\/06\/20220604awPride06.jpg?resize=2048%2C1365&amp;ssl=1 2048w, https:\/\/i0.wp.com\/newsinteractive.post-gazette.com\/photos\/wp-content\/uploads\/sites\/5\/2022\/06\/20220604awPride06.jpg?w=1696&amp;ssl=1 1696w\" sizes=\"(max-width: 848px) 100vw, 848px\" data-recalc-dims=\"1\" \/><figcaption id=\"caption-attachment-30123\" class=\"wp-caption-text\">Attendees cheer in response to a speaker before the Pittsburgh Pride Revolution March to celebrate Pride Month, Saturday, June 4, 2022, in front of the City-County Building, Downtown. (Alexandra Wimley\/Post-Gazette)<\/figcaption><\/figure>\n<figure id=\"attachment_30124\" aria-describedby=\"caption-attachment-30124\" style=\"width: 2400px\" class=\"wp-caption aligncenter\"><img loading=\"lazy\" decoding=\"async\" data-attachment-id=\"30124\" data-permalink=\"https:\/\/newsinteractive.post-gazette.com\/photos\/2022\/06\/06\/week-in-photos-june-5-11-2022\/pittsburgh-pride-revolution-march-7\/\" data-orig-file=\"https:\/\/i0.wp.com\/newsinteractive.post-gazette.com\/photos\/wp-content\/uploads\/sites\/5\/2022\/06\/20220604awPride11.jpg?fit=2400%2C1600&amp;ssl=1\" data-orig-size=\"2400,1600\" data-comments-opened=\"0\" data-image-meta=\"{&quot;aperture&quot;:&quot;2.8&quot;,&quot;credit&quot;:&quot;Alexandra Wimley\\\/Post-Gazette&quot;,&quot;camera&quot;:&quot;ILCE-9M2&quot;,&quot;caption&quot;:&quot;Isobel Vosler, 7, of Ben Avon, plays under a large rainbow flag at the start of the Pittsburgh Pride Revolution March to celebrate Pride Month, Saturday, June 4, 2022, Downtown.  (Alexandra Wimley\\\/Post-Gazette)&quot;,&quot;created_timestamp&quot;:&quot;1654354289&quot;,&quot;copyright&quot;:&quot;Pittsburgh Post-Gazette&quot;,&quot;focal_length&quot;:&quot;26&quot;,&quot;iso&quot;:&quot;640&quot;,&quot;shutter_speed&quot;:&quot;0.0005&quot;,&quot;title&quot;:&quot;Pittsburgh Pride Revolution March&quot;,&quot;orientation&quot;:&quot;1&quot;}\" data-image-title=\"Pittsburgh Pride Revolution March\" data-image-description=\"\" data-image-caption=\"&lt;p&gt;Isobel Vosler, 7, of Ben Avon, plays under a large rainbow flag at the start of the Pittsburgh Pride Revolution March to celebrate Pride Month, Saturday, June 4, 2022, Downtown.  (Alexandra Wimley\/Post-Gazette)&lt;\/p&gt;\n\" data-medium-file=\"https:\/\/i0.wp.com\/newsinteractive.post-gazette.com\/photos\/wp-content\/uploads\/sites\/5\/2022\/06\/20220604awPride11.jpg?fit=300%2C200&amp;ssl=1\" data-large-file=\"https:\/\/i0.wp.com\/newsinteractive.post-gazette.com\/photos\/wp-content\/uploads\/sites\/5\/2022\/06\/20220604awPride11.jpg?fit=848%2C566&amp;ssl=1\" class=\"size-full wp-image-30124\" src=\"https:\/\/i0.wp.com\/newsinteractive.post-gazette.com\/photos\/wp-content\/uploads\/sites\/5\/2022\/06\/20220604awPride11.jpg?resize=848%2C565&#038;ssl=1\" alt=\"\" width=\"848\" height=\"565\" srcset=\"https:\/\/i0.wp.com\/newsinteractive.post-gazette.com\/photos\/wp-content\/uploads\/sites\/5\/2022\/06\/20220604awPride11.jpg?w=2400&amp;ssl=1 2400w, https:\/\/i0.wp.com\/newsinteractive.post-gazette.com\/photos\/wp-content\/uploads\/sites\/5\/2022\/06\/20220604awPride11.jpg?resize=300%2C200&amp;ssl=1 300w, https:\/\/i0.wp.com\/newsinteractive.post-gazette.com\/photos\/wp-content\/uploads\/sites\/5\/2022\/06\/20220604awPride11.jpg?resize=1024%2C683&amp;ssl=1 1024w, https:\/\/i0.wp.com\/newsinteractive.post-gazette.com\/photos\/wp-content\/uploads\/sites\/5\/2022\/06\/20220604awPride11.jpg?resize=383%2C255&amp;ssl=1 383w, https:\/\/i0.wp.com\/newsinteractive.post-gazette.com\/photos\/wp-content\/uploads\/sites\/5\/2022\/06\/20220604awPride11.jpg?resize=1536%2C1024&amp;ssl=1 1536w, https:\/\/i0.wp.com\/newsinteractive.post-gazette.com\/photos\/wp-content\/uploads\/sites\/5\/2022\/06\/20220604awPride11.jpg?resize=2048%2C1365&amp;ssl=1 2048w, https:\/\/i0.wp.com\/newsinteractive.post-gazette.com\/photos\/wp-content\/uploads\/sites\/5\/2022\/06\/20220604awPride11.jpg?w=1696&amp;ssl=1 1696w\" sizes=\"(max-width: 848px) 100vw, 848px\" data-recalc-dims=\"1\" \/><figcaption id=\"caption-attachment-30124\" class=\"wp-caption-text\">Isobel Vosler, 7, of Ben Avon, plays under a large rainbow flag at the start of the Pittsburgh Pride Revolution March to celebrate Pride Month, Saturday, June 4, 2022, Downtown. (Alexandra Wimley\/Post-Gazette)<\/figcaption><\/figure>\n<figure id=\"attachment_30125\" aria-describedby=\"caption-attachment-30125\" style=\"width: 2400px\" class=\"wp-caption aligncenter\"><img loading=\"lazy\" decoding=\"async\" data-attachment-id=\"30125\" data-permalink=\"https:\/\/newsinteractive.post-gazette.com\/photos\/2022\/06\/06\/week-in-photos-june-5-11-2022\/pittsburgh-pride-revolution-march-8\/\" data-orig-file=\"https:\/\/i0.wp.com\/newsinteractive.post-gazette.com\/photos\/wp-content\/uploads\/sites\/5\/2022\/06\/20220604awPride13.jpg?fit=2400%2C1600&amp;ssl=1\" data-orig-size=\"2400,1600\" data-comments-opened=\"0\" data-image-meta=\"{&quot;aperture&quot;:&quot;2.8&quot;,&quot;credit&quot;:&quot;Alexandra Wimley\\\/Post-Gazette&quot;,&quot;camera&quot;:&quot;ILCE-9M2&quot;,&quot;caption&quot;:&quot;Actor, singer, author, and Pittsburgh native Billy Porter waves at the crowd while riding in a car as the grand marshal of the Pittsburgh Pride Revolution March to celebrate Pride Month, Saturday, June 4, 2022, Downtown.  (Alexandra Wimley\\\/Post-Gazette)&quot;,&quot;created_timestamp&quot;:&quot;1654354561&quot;,&quot;copyright&quot;:&quot;Pittsburgh Post-Gazette&quot;,&quot;focal_length&quot;:&quot;70&quot;,&quot;iso&quot;:&quot;100&quot;,&quot;shutter_speed&quot;:&quot;0.0008&quot;,&quot;title&quot;:&quot;Pittsburgh Pride Revolution March&quot;,&quot;orientation&quot;:&quot;1&quot;}\" data-image-title=\"Pittsburgh Pride Revolution March\" data-image-description=\"\" data-image-caption=\"&lt;p&gt;Actor, singer, author, and Pittsburgh native Billy Porter waves at the crowd while riding in a car as the grand marshal of the Pittsburgh Pride Revolution March to celebrate Pride Month, Saturday, June 4, 2022, Downtown.  (Alexandra Wimley\/Post-Gazette)&lt;\/p&gt;\n\" data-medium-file=\"https:\/\/i0.wp.com\/newsinteractive.post-gazette.com\/photos\/wp-content\/uploads\/sites\/5\/2022\/06\/20220604awPride13.jpg?fit=300%2C200&amp;ssl=1\" data-large-file=\"https:\/\/i0.wp.com\/newsinteractive.post-gazette.com\/photos\/wp-content\/uploads\/sites\/5\/2022\/06\/20220604awPride13.jpg?fit=848%2C566&amp;ssl=1\" class=\"size-full wp-image-30125\" src=\"https:\/\/i0.wp.com\/newsinteractive.post-gazette.com\/photos\/wp-content\/uploads\/sites\/5\/2022\/06\/20220604awPride13.jpg?resize=848%2C565&#038;ssl=1\" alt=\"\" width=\"848\" height=\"565\" srcset=\"https:\/\/i0.wp.com\/newsinteractive.post-gazette.com\/photos\/wp-content\/uploads\/sites\/5\/2022\/06\/20220604awPride13.jpg?w=2400&amp;ssl=1 2400w, https:\/\/i0.wp.com\/newsinteractive.post-gazette.com\/photos\/wp-content\/uploads\/sites\/5\/2022\/06\/20220604awPride13.jpg?resize=300%2C200&amp;ssl=1 300w, https:\/\/i0.wp.com\/newsinteractive.post-gazette.com\/photos\/wp-content\/uploads\/sites\/5\/2022\/06\/20220604awPride13.jpg?resize=1024%2C683&amp;ssl=1 1024w, https:\/\/i0.wp.com\/newsinteractive.post-gazette.com\/photos\/wp-content\/uploads\/sites\/5\/2022\/06\/20220604awPride13.jpg?resize=383%2C255&amp;ssl=1 383w, https:\/\/i0.wp.com\/newsinteractive.post-gazette.com\/photos\/wp-content\/uploads\/sites\/5\/2022\/06\/20220604awPride13.jpg?resize=1536%2C1024&amp;ssl=1 1536w, https:\/\/i0.wp.com\/newsinteractive.post-gazette.com\/photos\/wp-content\/uploads\/sites\/5\/2022\/06\/20220604awPride13.jpg?resize=2048%2C1365&amp;ssl=1 2048w, https:\/\/i0.wp.com\/newsinteractive.post-gazette.com\/photos\/wp-content\/uploads\/sites\/5\/2022\/06\/20220604awPride13.jpg?w=1696&amp;ssl=1 1696w\" sizes=\"(max-width: 848px) 100vw, 848px\" data-recalc-dims=\"1\" \/><figcaption id=\"caption-attachment-30125\" class=\"wp-caption-text\">Actor, singer, author, and Pittsburgh native Billy Porter waves at the crowd while riding in a car as the grand marshal of the Pittsburgh Pride Revolution March to celebrate Pride Month, Saturday, June 4, 2022, Downtown. (Alexandra Wimley\/Post-Gazette)<\/figcaption><\/figure>\n<figure id=\"attachment_30126\" aria-describedby=\"caption-attachment-30126\" style=\"width: 2400px\" class=\"wp-caption aligncenter\"><img loading=\"lazy\" decoding=\"async\" data-attachment-id=\"30126\" data-permalink=\"https:\/\/newsinteractive.post-gazette.com\/photos\/2022\/06\/06\/week-in-photos-june-5-11-2022\/pittsburgh-pride-revolution-march-9\/\" data-orig-file=\"https:\/\/i0.wp.com\/newsinteractive.post-gazette.com\/photos\/wp-content\/uploads\/sites\/5\/2022\/06\/20220604awPride20.jpg?fit=2400%2C1600&amp;ssl=1\" data-orig-size=\"2400,1600\" data-comments-opened=\"0\" data-image-meta=\"{&quot;aperture&quot;:&quot;2.8&quot;,&quot;credit&quot;:&quot;Alexandra Wimley\\\/Post-Gazette&quot;,&quot;camera&quot;:&quot;NIKON D5&quot;,&quot;caption&quot;:&quot;Sarah B. Jenkins, of Baldwin, reacts to seeing actor, singer, author, and Pittsburgh native Billy Porter, who was the parade\\u0092s grand marshal, during the Pittsburgh Pride Revolution March to celebrate Pride Month, Saturday, June 4, 2022, Downtown.  (Alexandra Wimley\\\/Post-Gazette)&quot;,&quot;created_timestamp&quot;:&quot;1654354923&quot;,&quot;copyright&quot;:&quot;Pittsburgh Post-Gazette&quot;,&quot;focal_length&quot;:&quot;95&quot;,&quot;iso&quot;:&quot;125&quot;,&quot;shutter_speed&quot;:&quot;0.000125&quot;,&quot;title&quot;:&quot;Pittsburgh Pride Revolution March&quot;,&quot;orientation&quot;:&quot;1&quot;}\" data-image-title=\"Pittsburgh Pride Revolution March\" data-image-description=\"\" data-image-caption=\"&lt;p&gt;Sarah B. Jenkins, of Baldwin, reacts to seeing actor, singer, author, and Pittsburgh native Billy Porter, who was the parade\u0092s grand marshal, during the Pittsburgh Pride Revolution March to celebrate Pride Month, Saturday, June 4, 2022, Downtown.  (Alexandra Wimley\/Post-Gazette)&lt;\/p&gt;\n\" data-medium-file=\"https:\/\/i0.wp.com\/newsinteractive.post-gazette.com\/photos\/wp-content\/uploads\/sites\/5\/2022\/06\/20220604awPride20.jpg?fit=300%2C200&amp;ssl=1\" data-large-file=\"https:\/\/i0.wp.com\/newsinteractive.post-gazette.com\/photos\/wp-content\/uploads\/sites\/5\/2022\/06\/20220604awPride20.jpg?fit=848%2C566&amp;ssl=1\" class=\"size-full wp-image-30126\" src=\"https:\/\/i0.wp.com\/newsinteractive.post-gazette.com\/photos\/wp-content\/uploads\/sites\/5\/2022\/06\/20220604awPride20.jpg?resize=848%2C565&#038;ssl=1\" alt=\"\" width=\"848\" height=\"565\" srcset=\"https:\/\/i0.wp.com\/newsinteractive.post-gazette.com\/photos\/wp-content\/uploads\/sites\/5\/2022\/06\/20220604awPride20.jpg?w=2400&amp;ssl=1 2400w, https:\/\/i0.wp.com\/newsinteractive.post-gazette.com\/photos\/wp-content\/uploads\/sites\/5\/2022\/06\/20220604awPride20.jpg?resize=300%2C200&amp;ssl=1 300w, https:\/\/i0.wp.com\/newsinteractive.post-gazette.com\/photos\/wp-content\/uploads\/sites\/5\/2022\/06\/20220604awPride20.jpg?resize=1024%2C683&amp;ssl=1 1024w, https:\/\/i0.wp.com\/newsinteractive.post-gazette.com\/photos\/wp-content\/uploads\/sites\/5\/2022\/06\/20220604awPride20.jpg?resize=383%2C255&amp;ssl=1 383w, https:\/\/i0.wp.com\/newsinteractive.post-gazette.com\/photos\/wp-content\/uploads\/sites\/5\/2022\/06\/20220604awPride20.jpg?resize=1536%2C1024&amp;ssl=1 1536w, https:\/\/i0.wp.com\/newsinteractive.post-gazette.com\/photos\/wp-content\/uploads\/sites\/5\/2022\/06\/20220604awPride20.jpg?resize=2048%2C1365&amp;ssl=1 2048w, https:\/\/i0.wp.com\/newsinteractive.post-gazette.com\/photos\/wp-content\/uploads\/sites\/5\/2022\/06\/20220604awPride20.jpg?w=1696&amp;ssl=1 1696w\" sizes=\"(max-width: 848px) 100vw, 848px\" data-recalc-dims=\"1\" \/><figcaption id=\"caption-attachment-30126\" class=\"wp-caption-text\">Sarah B. Jenkins, of Baldwin, reacts to seeing actor, singer, author, and Pittsburgh native Billy Porter, who was the parade\u0092s grand marshal, during the Pittsburgh Pride Revolution March to celebrate Pride Month, Saturday, June 4, 2022, Downtown. (Alexandra Wimley\/Post-Gazette)<\/figcaption><\/figure>\n<figure id=\"attachment_30127\" aria-describedby=\"caption-attachment-30127\" style=\"width: 2100px\" class=\"wp-caption aligncenter\"><img loading=\"lazy\" decoding=\"async\" data-attachment-id=\"30127\" data-permalink=\"https:\/\/newsinteractive.post-gazette.com\/photos\/2022\/06\/06\/week-in-photos-june-5-11-2022\/pittsburgh-pride-revolution-march-10\/\" data-orig-file=\"https:\/\/i0.wp.com\/newsinteractive.post-gazette.com\/photos\/wp-content\/uploads\/sites\/5\/2022\/06\/20220604awPride23.jpg?fit=2100%2C1600&amp;ssl=1\" data-orig-size=\"2100,1600\" data-comments-opened=\"0\" data-image-meta=\"{&quot;aperture&quot;:&quot;2.8&quot;,&quot;credit&quot;:&quot;Alexandra Wimley\\\/Post-Gazette&quot;,&quot;camera&quot;:&quot;ILCE-9M2&quot;,&quot;caption&quot;:&quot;People walk in the Pittsburgh Pride Revolution March to celebrate Pride Month, Saturday, June 4, 2022, Downtown.  (Alexandra Wimley\\\/Post-Gazette)&quot;,&quot;created_timestamp&quot;:&quot;1654355245&quot;,&quot;copyright&quot;:&quot;Pittsburgh Post-Gazette&quot;,&quot;focal_length&quot;:&quot;70&quot;,&quot;iso&quot;:&quot;100&quot;,&quot;shutter_speed&quot;:&quot;0.0004&quot;,&quot;title&quot;:&quot;Pittsburgh Pride Revolution March&quot;,&quot;orientation&quot;:&quot;1&quot;}\" data-image-title=\"Pittsburgh Pride Revolution March\" data-image-description=\"\" data-image-caption=\"&lt;p&gt;People walk in the Pittsburgh Pride Revolution March to celebrate Pride Month, Saturday, June 4, 2022, Downtown.  (Alexandra Wimley\/Post-Gazette)&lt;\/p&gt;\n\" data-medium-file=\"https:\/\/i0.wp.com\/newsinteractive.post-gazette.com\/photos\/wp-content\/uploads\/sites\/5\/2022\/06\/20220604awPride23.jpg?fit=300%2C229&amp;ssl=1\" data-large-file=\"https:\/\/i0.wp.com\/newsinteractive.post-gazette.com\/photos\/wp-content\/uploads\/sites\/5\/2022\/06\/20220604awPride23.jpg?fit=848%2C646&amp;ssl=1\" class=\"size-full wp-image-30127\" src=\"https:\/\/i0.wp.com\/newsinteractive.post-gazette.com\/photos\/wp-content\/uploads\/sites\/5\/2022\/06\/20220604awPride23.jpg?resize=848%2C646&#038;ssl=1\" alt=\"\" width=\"848\" height=\"646\" srcset=\"https:\/\/i0.wp.com\/newsinteractive.post-gazette.com\/photos\/wp-content\/uploads\/sites\/5\/2022\/06\/20220604awPride23.jpg?w=2100&amp;ssl=1 2100w, https:\/\/i0.wp.com\/newsinteractive.post-gazette.com\/photos\/wp-content\/uploads\/sites\/5\/2022\/06\/20220604awPride23.jpg?resize=300%2C229&amp;ssl=1 300w, https:\/\/i0.wp.com\/newsinteractive.post-gazette.com\/photos\/wp-content\/uploads\/sites\/5\/2022\/06\/20220604awPride23.jpg?resize=1024%2C780&amp;ssl=1 1024w, https:\/\/i0.wp.com\/newsinteractive.post-gazette.com\/photos\/wp-content\/uploads\/sites\/5\/2022\/06\/20220604awPride23.jpg?resize=335%2C255&amp;ssl=1 335w, https:\/\/i0.wp.com\/newsinteractive.post-gazette.com\/photos\/wp-content\/uploads\/sites\/5\/2022\/06\/20220604awPride23.jpg?resize=1536%2C1170&amp;ssl=1 1536w, https:\/\/i0.wp.com\/newsinteractive.post-gazette.com\/photos\/wp-content\/uploads\/sites\/5\/2022\/06\/20220604awPride23.jpg?resize=2048%2C1560&amp;ssl=1 2048w, https:\/\/i0.wp.com\/newsinteractive.post-gazette.com\/photos\/wp-content\/uploads\/sites\/5\/2022\/06\/20220604awPride23.jpg?w=1696&amp;ssl=1 1696w\" sizes=\"(max-width: 848px) 100vw, 848px\" data-recalc-dims=\"1\" \/><figcaption id=\"caption-attachment-30127\" class=\"wp-caption-text\">People walk in the Pittsburgh Pride Revolution March to celebrate Pride Month, Saturday, June 4, 2022, Downtown. (Alexandra Wimley\/Post-Gazette)<\/figcaption><\/figure>\n<figure id=\"attachment_30128\" aria-describedby=\"caption-attachment-30128\" style=\"width: 2560px\" class=\"wp-caption aligncenter\"><img loading=\"lazy\" decoding=\"async\" data-attachment-id=\"30128\" data-permalink=\"https:\/\/newsinteractive.post-gazette.com\/photos\/2022\/06\/06\/week-in-photos-june-5-11-2022\/20220604mgnorthsidefestivalloc05\/\" data-orig-file=\"https:\/\/i0.wp.com\/newsinteractive.post-gazette.com\/photos\/wp-content\/uploads\/sites\/5\/2022\/06\/20220604MGNorthsideFestivalLOC05-scaled.jpg?fit=2560%2C1705&amp;ssl=1\" data-orig-size=\"2560,1705\" data-comments-opened=\"0\" data-image-meta=\"{&quot;aperture&quot;:&quot;2.8&quot;,&quot;credit&quot;:&quot;(Maya Giron\\\/Post-Gazette)&quot;,&quot;camera&quot;:&quot;NIKON D850&quot;,&quot;caption&quot;:&quot;Silvi Bell, right, 11, and Mylie Hake, 13, sit by the water at the Northside Festival, part of the Three Rivers Arts Festival, on Saturday, June 4, 2022, on the Northside. The 63rd annual Dollar Bank Three Rivers Arts Festival, is a ten day festival of live performances and visual arts centered in the Cultural District of Pittsburgh from June 3-12. (Maya Giron\\\/Post-Gazette)&quot;,&quot;created_timestamp&quot;:&quot;1654370605&quot;,&quot;copyright&quot;:&quot;&quot;,&quot;focal_length&quot;:&quot;45&quot;,&quot;iso&quot;:&quot;200&quot;,&quot;shutter_speed&quot;:&quot;0.0004&quot;,&quot;title&quot;:&quot;&quot;,&quot;orientation&quot;:&quot;1&quot;}\" data-image-title=\"20220604MGNorthsideFestivalLOC05\" data-image-description=\"\" data-image-caption=\"&lt;p&gt;Silvi Bell, right, 11, and Mylie Hake, 13, sit by the water at the Northside Festival, part of the Three Rivers Arts Festival, on Saturday, June 4, 2022, on the Northside. The 63rd annual Dollar Bank Three Rivers Arts Festival, is a ten day festival of live performances and visual arts centered in the Cultural District of Pittsburgh from June 3-12. (Maya Giron\/Post-Gazette)&lt;\/p&gt;\n\" data-medium-file=\"https:\/\/i0.wp.com\/newsinteractive.post-gazette.com\/photos\/wp-content\/uploads\/sites\/5\/2022\/06\/20220604MGNorthsideFestivalLOC05-scaled.jpg?fit=300%2C200&amp;ssl=1\" data-large-file=\"https:\/\/i0.wp.com\/newsinteractive.post-gazette.com\/photos\/wp-content\/uploads\/sites\/5\/2022\/06\/20220604MGNorthsideFestivalLOC05-scaled.jpg?fit=848%2C565&amp;ssl=1\" class=\"size-full wp-image-30128\" src=\"https:\/\/i0.wp.com\/newsinteractive.post-gazette.com\/photos\/wp-content\/uploads\/sites\/5\/2022\/06\/20220604MGNorthsideFestivalLOC05-scaled.jpg?resize=848%2C565&#038;ssl=1\" alt=\"\" width=\"848\" height=\"565\" srcset=\"https:\/\/i0.wp.com\/newsinteractive.post-gazette.com\/photos\/wp-content\/uploads\/sites\/5\/2022\/06\/20220604MGNorthsideFestivalLOC05-scaled.jpg?w=2560&amp;ssl=1 2560w, https:\/\/i0.wp.com\/newsinteractive.post-gazette.com\/photos\/wp-content\/uploads\/sites\/5\/2022\/06\/20220604MGNorthsideFestivalLOC05-scaled.jpg?resize=300%2C200&amp;ssl=1 300w, https:\/\/i0.wp.com\/newsinteractive.post-gazette.com\/photos\/wp-content\/uploads\/sites\/5\/2022\/06\/20220604MGNorthsideFestivalLOC05-scaled.jpg?resize=1024%2C682&amp;ssl=1 1024w, https:\/\/i0.wp.com\/newsinteractive.post-gazette.com\/photos\/wp-content\/uploads\/sites\/5\/2022\/06\/20220604MGNorthsideFestivalLOC05-scaled.jpg?resize=383%2C255&amp;ssl=1 383w, https:\/\/i0.wp.com\/newsinteractive.post-gazette.com\/photos\/wp-content\/uploads\/sites\/5\/2022\/06\/20220604MGNorthsideFestivalLOC05-scaled.jpg?resize=1536%2C1023&amp;ssl=1 1536w, https:\/\/i0.wp.com\/newsinteractive.post-gazette.com\/photos\/wp-content\/uploads\/sites\/5\/2022\/06\/20220604MGNorthsideFestivalLOC05-scaled.jpg?resize=2048%2C1364&amp;ssl=1 2048w, https:\/\/i0.wp.com\/newsinteractive.post-gazette.com\/photos\/wp-content\/uploads\/sites\/5\/2022\/06\/20220604MGNorthsideFestivalLOC05-scaled.jpg?w=1696&amp;ssl=1 1696w\" sizes=\"(max-width: 848px) 100vw, 848px\" data-recalc-dims=\"1\" \/><figcaption id=\"caption-attachment-30128\" class=\"wp-caption-text\">Silvi Bell, right, 11, and Mylie Hake, 13, sit by the water at the Northside Festival, part of the Three Rivers Arts Festival, on Saturday, June 4, 2022, on the Northside. The 63rd annual Dollar Bank Three Rivers Arts Festival, is a ten day festival of live performances and visual arts centered in the Cultural District of Pittsburgh from June 3-12. (Maya Giron\/Post-Gazette)<\/figcaption><\/figure>\n","protected":false},"excerpt":{"rendered":"<p>The week in pictures in Pittsburgh and surrounding areas as seen through the eyes of our photojournalists. Check back regularly as we update from across our region throughout the week. &nbsp;<\/p>\n","protected":false},"author":36,"featured_media":30160,"comment_status":"closed","ping_status":"closed","sticky":false,"template":"","format":"standard","meta":{"jetpack_post_was_ever_published":false,"_jetpack_newsletter_access":"","_jetpack_dont_email_post_to_subs":false,"_jetpack_newsletter_tier_id":0,"footnotes":""},"categories":[7,9,4,15,11,428,132],"tags":[],"coauthors":[41],"jetpack_sharing_enabled":true,"jetpack_featured_media_url":"https:\/\/i0.wp.com\/newsinteractive.post-gazette.com\/photos\/wp-content\/uploads\/sites\/5\/2022\/06\/20220608ng_Standalone01.jpg?fit=2209%2C1666&ssl=1","jetpack-related-posts":[],"_links":{"self":[{"href":"https:\/\/newsinteractive.post-gazette.com\/photos\/wp-json\/wp\/v2\/posts\/30115"}],"collection":[{"href":"https:\/\/newsinteractive.post-gazette.com\/photos\/wp-json\/wp\/v2\/posts"}],"about":[{"href":"https:\/\/newsinteractive.post-gazette.com\/photos\/wp-json\/wp\/v2\/types\/post"}],"author":[{"embeddable":true,"href":"https:\/\/newsinteractive.post-gazette.com\/photos\/wp-json\/wp\/v2\/users\/36"}],"replies":[{"embeddable":true,"href":"https:\/\/newsinteractive.post-gazette.com\/photos\/wp-json\/wp\/v2\/comments?post=30115"}],"version-history":[{"count":12,"href":"https:\/\/newsinteractive.post-gazette.com\/photos\/wp-json\/wp\/v2\/posts\/30115\/revisions"}],"predecessor-version":[{"id":30213,"href":"https:\/\/newsinteractive.post-gazette.com\/photos\/wp-json\/wp\/v2\/posts\/30115\/revisions\/30213"}],"wp:featuredmedia":[{"embeddable":true,"href":"https:\/\/newsinteractive.post-gazette.com\/photos\/wp-json\/wp\/v2\/media\/30160"}],"wp:attachment":[{"href":"https:\/\/newsinteractive.post-gazette.com\/photos\/wp-json\/wp\/v2\/media?parent=30115"}],"wp:term":[{"taxonomy":"category","embeddable":true,"href":"https:\/\/newsinteractive.post-gazette.com\/photos\/wp-json\/wp\/v2\/categories?post=30115"},{"taxonomy":"post_tag","embeddable":true,"href":"https:\/\/newsinteractive.post-gazette.com\/photos\/wp-json\/wp\/v2\/tags?post=30115"},{"taxonomy":"author","embeddable":true,"href":"https:\/\/newsinteractive.post-gazette.com\/photos\/wp-json\/wp\/v2\/coauthors?post=30115"}],"curies":[{"name":"wp","href":"https:\/\/api.w.org\/{rel}","templated":true}]}}